{"id":1025,"date":"2020-10-19T16:27:04","date_gmt":"2020-10-19T14:27:04","guid":{"rendered":"http:\/\/www.voeav-niederoesterreich.at\/?p=1025"},"modified":"2020-10-22T07:47:01","modified_gmt":"2020-10-22T05:47:01","slug":"ergebnisliste-landesmeisterschaft-2020","status":"publish","type":"post","link":"https:\/\/www.oevf-niederoesterreich.at\/?p=1025","title":{"rendered":"Ergebnisliste Landesmeisterschaft 2020"},"content":{"rendered":"\n<p>Die Ergebnisse der diesj\u00e4hrigen V\u00d6AV-Landesmeisterschaft sind da!<\/p>\n<p style=\"text-align: left;\">Hier kannst Du die Ergebnisliste herunterladen: <a href=\"http:\/\/www.voeav-niederoesterreich.at\/wp-content\/uploads\/2020\/10\/VOeAV-NOe-LM-2020.pdf\">Link<\/a><\/p>\n<p>Wir m\u00f6chte uns ganz herzlich bei der Fotogruppe Semperit Wimpassing f\u00fcr die Organisation und Durchf\u00fchrung der Jury, Pr\u00e4sentation und Preisverleihung.<\/p>\n<p>Weiter m\u00f6chten wir uns herzlichst bei allen anderen Helfern und Beteiligten, vor allem aber bei den Juroren des Fotoklub Graz der \u00d6BB<\/p>\n<p style=\"text-align: center;\"><strong>Johannes Ekart<\/strong><\/p>\n<p style=\"text-align: center;\"><strong>Franz Hammer<\/strong><\/p>\n<p style=\"text-align: center;\"><strong>Erwin Erich Petritsch<\/strong><\/p>\n<p style=\"text-align: center;\">und\u00a0<\/p>\n<p style=\"text-align: center;\"><strong>Renate Peck<\/strong><\/p>\n<p style=\"text-align: center;\">bedanken.<\/p>\n<p>Die Einladung f\u00fcr die Preisverleihung und Pr\u00e4sentation folgt in K\u00fcrze.<\/p>\n<p>\u00a0<\/p>\n<p>Wir bedanken uns f\u00fcr die Unterst\u00fctzung dieser Veranstaltung bei der Markgemeinde Wimpassing\u00a0<\/p>\n\n\n\n<div class=\"wp-block-image\"><figure class=\"aligncenter size-large\"><img data-recalc-dims=\"1\" loading=\"lazy\" decoding=\"async\" width=\"160\" height=\"170\" data-attachment-id=\"1012\" data-permalink=\"https:\/\/www.oevf-niederoesterreich.at\/?attachment_id=1012\" data-orig-file=\"https:\/\/i0.wp.com\/www.oevf-niederoesterreich.at\/wp-content\/uploads\/2020\/07\/Wappen-Wimpassing_im_Schwarzatale.png?fit=160%2C170&amp;ssl=1\" data-orig-size=\"160,170\" data-comments-opened=\"1\" data-image-meta=\"{&quot;aperture&quot;:&quot;0&quot;,&quot;credit&quot;:&quot;&quot;,&quot;camera&quot;:&quot;&quot;,&quot;caption&quot;:&quot;&quot;,&quot;created_timestamp&quot;:&quot;0&quot;,&quot;copyright&quot;:&quot;&quot;,&quot;focal_length&quot;:&quot;0&quot;,&quot;iso&quot;:&quot;0&quot;,&quot;shutter_speed&quot;:&quot;0&quot;,&quot;title&quot;:&quot;&quot;,&quot;orientation&quot;:&quot;0&quot;}\" data-image-title=\"Wappen Wimpassing_im_Schwarzatale\" data-image-description=\"\" data-image-caption=\"\" data-large-file=\"https:\/\/i0.wp.com\/www.oevf-niederoesterreich.at\/wp-content\/uploads\/2020\/07\/Wappen-Wimpassing_im_Schwarzatale.png?fit=160%2C170&amp;ssl=1\" src=\"https:\/\/i0.wp.com\/www.voeav-niederoesterreich.at\/wp-content\/uploads\/2020\/07\/Wappen-Wimpassing_im_Schwarzatale.png?resize=160%2C170\" alt=\"\" class=\"wp-image-1012\"\/><\/figure><\/div>\n\n\n\n<p style=\"text-align: center;\">und unseren F\u00f6rderern<\/p>\n\n\n\n<div class=\"wp-block-jetpack-tiled-gallery aligncenter is-style-rectangular\"><div class=\"tiled-gallery__gallery\"><div class=\"tiled-gallery__row\"><div class=\"tiled-gallery__col\" style=\"flex-basis:100%\"><figure class=\"tiled-gallery__item\"><img decoding=\"async\" data-attachment-id=\"1036\" data-permalink=\"https:\/\/www.oevf-niederoesterreich.at\/?attachment_id=1036\" data-orig-file=\"https:\/\/i0.wp.com\/www.oevf-niederoesterreich.at\/wp-content\/uploads\/2020\/10\/Semperit-Logo.jpg?fit=218%2C24&amp;ssl=1\" data-orig-size=\"218,24\" data-comments-opened=\"1\" data-image-meta=\"{&quot;aperture&quot;:&quot;0&quot;,&quot;credit&quot;:&quot;&quot;,&quot;camera&quot;:&quot;&quot;,&quot;caption&quot;:&quot;&quot;,&quot;created_timestamp&quot;:&quot;0&quot;,&quot;copyright&quot;:&quot;&quot;,&quot;focal_length&quot;:&quot;0&quot;,&quot;iso&quot;:&quot;0&quot;,&quot;shutter_speed&quot;:&quot;0&quot;,&quot;title&quot;:&quot;&quot;,&quot;orientation&quot;:&quot;0&quot;}\" data-image-title=\"Semperit-Logo\" data-image-description=\"\" data-image-caption=\"\" data-large-file=\"https:\/\/i0.wp.com\/www.oevf-niederoesterreich.at\/wp-content\/uploads\/2020\/10\/Semperit-Logo.jpg?fit=218%2C24&amp;ssl=1\" data-attachment-id=\"1036\" data-permalink=\"https:\/\/www.oevf-niederoesterreich.at\/?attachment_id=1036\" data-orig-file=\"https:\/\/i0.wp.com\/www.oevf-niederoesterreich.at\/wp-content\/uploads\/2020\/10\/Semperit-Logo.jpg?fit=218%2C24&amp;ssl=1\" data-orig-size=\"218,24\" data-comments-opened=\"1\" data-image-meta=\"{&quot;aperture&quot;:&quot;0&quot;,&quot;credit&quot;:&quot;&quot;,&quot;camera&quot;:&quot;&quot;,&quot;caption&quot;:&quot;&quot;,&quot;created_timestamp&quot;:&quot;0&quot;,&quot;copyright&quot;:&quot;&quot;,&quot;focal_length&quot;:&quot;0&quot;,&quot;iso&quot;:&quot;0&quot;,&quot;shutter_speed&quot;:&quot;0&quot;,&quot;title&quot;:&quot;&quot;,&quot;orientation&quot;:&quot;0&quot;}\" data-image-title=\"Semperit-Logo\" data-image-description=\"\" data-image-caption=\"\" data-large-file=\"https:\/\/i0.wp.com\/www.oevf-niederoesterreich.at\/wp-content\/uploads\/2020\/10\/Semperit-Logo.jpg?fit=218%2C24&amp;ssl=1\" role=\"button\" tabindex=\"0\" aria-label=\"Bild\u00a01 von 6 im Vollbildmodus \u00f6ffnen\"srcset=\"https:\/\/i2.wp.com\/www.voeav-niederoesterreich.at\/wp-content\/uploads\/2020\/10\/Semperit-Logo.jpg?strip=info&#038;w=218 218w\" alt=\"\" data-height=\"24\" data-id=\"1036\" data-link=\"http:\/\/www.voeav-niederoesterreich.at\/?attachment_id=1036\" data-url=\"http:\/\/www.voeav-niederoesterreich.at\/wp-content\/uploads\/2020\/10\/Semperit-Logo.jpg\" data-width=\"218\" src=\"https:\/\/i2.wp.com\/www.voeav-niederoesterreich.at\/wp-content\/uploads\/2020\/10\/Semperit-Logo.jpg\" layout=\"responsive\"\/><\/figure><\/div><\/div><div class=\"tiled-gallery__row\"><div class=\"tiled-gallery__col\" style=\"flex-basis:100%\"><figure class=\"tiled-gallery__item\"><img decoding=\"async\" data-attachment-id=\"1035\" data-permalink=\"https:\/\/www.oevf-niederoesterreich.at\/?attachment_id=1035\" data-orig-file=\"https:\/\/i0.wp.com\/www.oevf-niederoesterreich.at\/wp-content\/uploads\/2020\/10\/Logo-Volksbank.jpg?fit=1049%2C184&amp;ssl=1\" data-orig-size=\"1049,184\" data-comments-opened=\"1\" data-image-meta=\"{&quot;aperture&quot;:&quot;0&quot;,&quot;credit&quot;:&quot;&quot;,&quot;camera&quot;:&quot;&quot;,&quot;caption&quot;:&quot;&quot;,&quot;created_timestamp&quot;:&quot;0&quot;,&quot;copyright&quot;:&quot;&quot;,&quot;focal_length&quot;:&quot;0&quot;,&quot;iso&quot;:&quot;0&quot;,&quot;shutter_speed&quot;:&quot;0&quot;,&quot;title&quot;:&quot;&quot;,&quot;orientation&quot;:&quot;0&quot;}\" data-image-title=\"Logo Volksbank\" data-image-description=\"\" data-image-caption=\"\" data-large-file=\"https:\/\/i0.wp.com\/www.oevf-niederoesterreich.at\/wp-content\/uploads\/2020\/10\/Logo-Volksbank.jpg?fit=1024%2C180&amp;ssl=1\" data-attachment-id=\"1035\" data-permalink=\"https:\/\/www.oevf-niederoesterreich.at\/?attachment_id=1035\" data-orig-file=\"https:\/\/i0.wp.com\/www.oevf-niederoesterreich.at\/wp-content\/uploads\/2020\/10\/Logo-Volksbank.jpg?fit=1049%2C184&amp;ssl=1\" data-orig-size=\"1049,184\" data-comments-opened=\"1\" data-image-meta=\"{&quot;aperture&quot;:&quot;0&quot;,&quot;credit&quot;:&quot;&quot;,&quot;camera&quot;:&quot;&quot;,&quot;caption&quot;:&quot;&quot;,&quot;created_timestamp&quot;:&quot;0&quot;,&quot;copyright&quot;:&quot;&quot;,&quot;focal_length&quot;:&quot;0&quot;,&quot;iso&quot;:&quot;0&quot;,&quot;shutter_speed&quot;:&quot;0&quot;,&quot;title&quot;:&quot;&quot;,&quot;orientation&quot;:&quot;0&quot;}\" data-image-title=\"Logo Volksbank\" data-image-description=\"\" data-image-caption=\"\" data-large-file=\"https:\/\/i0.wp.com\/www.oevf-niederoesterreich.at\/wp-content\/uploads\/2020\/10\/Logo-Volksbank.jpg?fit=1024%2C180&amp;ssl=1\" role=\"button\" tabindex=\"0\" aria-label=\"Bild\u00a02 von 6 im Vollbildmodus \u00f6ffnen\"srcset=\"https:\/\/i2.wp.com\/www.voeav-niederoesterreich.at\/wp-content\/uploads\/2020\/10\/Logo-Volksbank.jpg?strip=info&#038;w=600 600w,https:\/\/i2.wp.com\/www.voeav-niederoesterreich.at\/wp-content\/uploads\/2020\/10\/Logo-Volksbank.jpg?strip=info&#038;w=900 900w,https:\/\/i2.wp.com\/www.voeav-niederoesterreich.at\/wp-content\/uploads\/2020\/10\/Logo-Volksbank.jpg?strip=info&#038;w=1049 1049w\" alt=\"\" data-height=\"184\" data-id=\"1035\" data-link=\"http:\/\/www.voeav-niederoesterreich.at\/?attachment_id=1035\" data-url=\"http:\/\/www.voeav-niederoesterreich.at\/wp-content\/uploads\/2020\/10\/Logo-Volksbank.jpg\" data-width=\"1049\" src=\"https:\/\/i2.wp.com\/www.voeav-niederoesterreich.at\/wp-content\/uploads\/2020\/10\/Logo-Volksbank.jpg\" layout=\"responsive\"\/><\/figure><\/div><\/div><div class=\"tiled-gallery__row\"><div class=\"tiled-gallery__col\" style=\"flex-basis:100%\"><figure class=\"tiled-gallery__item\"><img decoding=\"async\" data-attachment-id=\"1034\" data-permalink=\"https:\/\/www.oevf-niederoesterreich.at\/?attachment_id=1034\" data-orig-file=\"https:\/\/i0.wp.com\/www.oevf-niederoesterreich.at\/wp-content\/uploads\/2020\/10\/Logo-Edlinger.jpg?fit=520%2C134&amp;ssl=1\" data-orig-size=\"520,134\" data-comments-opened=\"1\" data-image-meta=\"{&quot;aperture&quot;:&quot;0&quot;,&quot;credit&quot;:&quot;&quot;,&quot;camera&quot;:&quot;&quot;,&quot;caption&quot;:&quot;&quot;,&quot;created_timestamp&quot;:&quot;0&quot;,&quot;copyright&quot;:&quot;&quot;,&quot;focal_length&quot;:&quot;0&quot;,&quot;iso&quot;:&quot;0&quot;,&quot;shutter_speed&quot;:&quot;0&quot;,&quot;title&quot;:&quot;&quot;,&quot;orientation&quot;:&quot;0&quot;}\" data-image-title=\"Logo Edlinger\" data-image-description=\"\" data-image-caption=\"\" data-large-file=\"https:\/\/i0.wp.com\/www.oevf-niederoesterreich.at\/wp-content\/uploads\/2020\/10\/Logo-Edlinger.jpg?fit=520%2C134&amp;ssl=1\" data-attachment-id=\"1034\" data-permalink=\"https:\/\/www.oevf-niederoesterreich.at\/?attachment_id=1034\" data-orig-file=\"https:\/\/i0.wp.com\/www.oevf-niederoesterreich.at\/wp-content\/uploads\/2020\/10\/Logo-Edlinger.jpg?fit=520%2C134&amp;ssl=1\" data-orig-size=\"520,134\" data-comments-opened=\"1\" data-image-meta=\"{&quot;aperture&quot;:&quot;0&quot;,&quot;credit&quot;:&quot;&quot;,&quot;camera&quot;:&quot;&quot;,&quot;caption&quot;:&quot;&quot;,&quot;created_timestamp&quot;:&quot;0&quot;,&quot;copyright&quot;:&quot;&quot;,&quot;focal_length&quot;:&quot;0&quot;,&quot;iso&quot;:&quot;0&quot;,&quot;shutter_speed&quot;:&quot;0&quot;,&quot;title&quot;:&quot;&quot;,&quot;orientation&quot;:&quot;0&quot;}\" data-image-title=\"Logo Edlinger\" data-image-description=\"\" data-image-caption=\"\" data-large-file=\"https:\/\/i0.wp.com\/www.oevf-niederoesterreich.at\/wp-content\/uploads\/2020\/10\/Logo-Edlinger.jpg?fit=520%2C134&amp;ssl=1\" role=\"button\" tabindex=\"0\" aria-label=\"Bild\u00a03 von 6 im Vollbildmodus \u00f6ffnen\"srcset=\"https:\/\/i1.wp.com\/www.voeav-niederoesterreich.at\/wp-content\/uploads\/2020\/10\/Logo-Edlinger.jpg?strip=info&#038;w=520 520w\" alt=\"\" data-height=\"134\" data-id=\"1034\" data-link=\"http:\/\/www.voeav-niederoesterreich.at\/?attachment_id=1034\" data-url=\"http:\/\/www.voeav-niederoesterreich.at\/wp-content\/uploads\/2020\/10\/Logo-Edlinger.jpg\" data-width=\"520\" src=\"https:\/\/i1.wp.com\/www.voeav-niederoesterreich.at\/wp-content\/uploads\/2020\/10\/Logo-Edlinger.jpg\" layout=\"responsive\"\/><\/figure><\/div><\/div><div class=\"tiled-gallery__row\"><div class=\"tiled-gallery__col\" style=\"flex-basis:100%\"><figure class=\"tiled-gallery__item\"><img decoding=\"async\" data-attachment-id=\"1033\" data-permalink=\"https:\/\/www.oevf-niederoesterreich.at\/?attachment_id=1033\" data-orig-file=\"https:\/\/i0.wp.com\/www.oevf-niederoesterreich.at\/wp-content\/uploads\/2020\/10\/Lachs_Fuchs_Werbung.jpg?fit=766%2C194&amp;ssl=1\" data-orig-size=\"766,194\" data-comments-opened=\"1\" data-image-meta=\"{&quot;aperture&quot;:&quot;0&quot;,&quot;credit&quot;:&quot;Halbauer Werner&quot;,&quot;camera&quot;:&quot;&quot;,&quot;caption&quot;:&quot;&quot;,&quot;created_timestamp&quot;:&quot;1457264061&quot;,&quot;copyright&quot;:&quot;&quot;,&quot;focal_length&quot;:&quot;0&quot;,&quot;iso&quot;:&quot;0&quot;,&quot;shutter_speed&quot;:&quot;0&quot;,&quot;title&quot;:&quot;&quot;,&quot;orientation&quot;:&quot;0&quot;}\" data-image-title=\"Lachs_Fuchs_Werbung\" data-image-description=\"\" data-image-caption=\"\" data-large-file=\"https:\/\/i0.wp.com\/www.oevf-niederoesterreich.at\/wp-content\/uploads\/2020\/10\/Lachs_Fuchs_Werbung.jpg?fit=766%2C194&amp;ssl=1\" data-attachment-id=\"1033\" data-permalink=\"https:\/\/www.oevf-niederoesterreich.at\/?attachment_id=1033\" data-orig-file=\"https:\/\/i0.wp.com\/www.oevf-niederoesterreich.at\/wp-content\/uploads\/2020\/10\/Lachs_Fuchs_Werbung.jpg?fit=766%2C194&amp;ssl=1\" data-orig-size=\"766,194\" data-comments-opened=\"1\" data-image-meta=\"{&quot;aperture&quot;:&quot;0&quot;,&quot;credit&quot;:&quot;Halbauer Werner&quot;,&quot;camera&quot;:&quot;&quot;,&quot;caption&quot;:&quot;&quot;,&quot;created_timestamp&quot;:&quot;1457264061&quot;,&quot;copyright&quot;:&quot;&quot;,&quot;focal_length&quot;:&quot;0&quot;,&quot;iso&quot;:&quot;0&quot;,&quot;shutter_speed&quot;:&quot;0&quot;,&quot;title&quot;:&quot;&quot;,&quot;orientation&quot;:&quot;0&quot;}\" data-image-title=\"Lachs_Fuchs_Werbung\" data-image-description=\"\" data-image-caption=\"\" data-large-file=\"https:\/\/i0.wp.com\/www.oevf-niederoesterreich.at\/wp-content\/uploads\/2020\/10\/Lachs_Fuchs_Werbung.jpg?fit=766%2C194&amp;ssl=1\" role=\"button\" tabindex=\"0\" aria-label=\"Bild\u00a04 von 6 im Vollbildmodus \u00f6ffnen\"srcset=\"https:\/\/i1.wp.com\/www.voeav-niederoesterreich.at\/wp-content\/uploads\/2020\/10\/Lachs_Fuchs_Werbung.jpg?strip=info&#038;w=600 600w,https:\/\/i1.wp.com\/www.voeav-niederoesterreich.at\/wp-content\/uploads\/2020\/10\/Lachs_Fuchs_Werbung.jpg?strip=info&#038;w=766 766w\" alt=\"\" data-height=\"194\" data-id=\"1033\" data-link=\"http:\/\/www.voeav-niederoesterreich.at\/?attachment_id=1033\" data-url=\"http:\/\/www.voeav-niederoesterreich.at\/wp-content\/uploads\/2020\/10\/Lachs_Fuchs_Werbung.jpg\" data-width=\"766\" src=\"https:\/\/i1.wp.com\/www.voeav-niederoesterreich.at\/wp-content\/uploads\/2020\/10\/Lachs_Fuchs_Werbung.jpg\" layout=\"responsive\"\/><\/figure><\/div><\/div><div class=\"tiled-gallery__row\"><div class=\"tiled-gallery__col\" style=\"flex-basis:46.72406980879065%\"><figure class=\"tiled-gallery__item\"><img decoding=\"async\" data-attachment-id=\"1032\" data-permalink=\"https:\/\/www.oevf-niederoesterreich.at\/?attachment_id=1032\" data-orig-file=\"https:\/\/i0.wp.com\/www.oevf-niederoesterreich.at\/wp-content\/uploads\/2020\/10\/Fabbri-Dach-Werbung.jpg?fit=1038%2C734&amp;ssl=1\" data-orig-size=\"1038,734\" data-comments-opened=\"1\" data-image-meta=\"{&quot;aperture&quot;:&quot;0&quot;,&quot;credit&quot;:&quot;&quot;,&quot;camera&quot;:&quot;&quot;,&quot;caption&quot;:&quot;&quot;,&quot;created_timestamp&quot;:&quot;0&quot;,&quot;copyright&quot;:&quot;&quot;,&quot;focal_length&quot;:&quot;0&quot;,&quot;iso&quot;:&quot;0&quot;,&quot;shutter_speed&quot;:&quot;0&quot;,&quot;title&quot;:&quot;&quot;,&quot;orientation&quot;:&quot;0&quot;}\" data-image-title=\"Fabbri Dach Werbung\" data-image-description=\"\" data-image-caption=\"\" data-large-file=\"https:\/\/i0.wp.com\/www.oevf-niederoesterreich.at\/wp-content\/uploads\/2020\/10\/Fabbri-Dach-Werbung.jpg?fit=1024%2C724&amp;ssl=1\" data-attachment-id=\"1032\" data-permalink=\"https:\/\/www.oevf-niederoesterreich.at\/?attachment_id=1032\" data-orig-file=\"https:\/\/i0.wp.com\/www.oevf-niederoesterreich.at\/wp-content\/uploads\/2020\/10\/Fabbri-Dach-Werbung.jpg?fit=1038%2C734&amp;ssl=1\" data-orig-size=\"1038,734\" data-comments-opened=\"1\" data-image-meta=\"{&quot;aperture&quot;:&quot;0&quot;,&quot;credit&quot;:&quot;&quot;,&quot;camera&quot;:&quot;&quot;,&quot;caption&quot;:&quot;&quot;,&quot;created_timestamp&quot;:&quot;0&quot;,&quot;copyright&quot;:&quot;&quot;,&quot;focal_length&quot;:&quot;0&quot;,&quot;iso&quot;:&quot;0&quot;,&quot;shutter_speed&quot;:&quot;0&quot;,&quot;title&quot;:&quot;&quot;,&quot;orientation&quot;:&quot;0&quot;}\" data-image-title=\"Fabbri Dach Werbung\" data-image-description=\"\" data-image-caption=\"\" data-large-file=\"https:\/\/i0.wp.com\/www.oevf-niederoesterreich.at\/wp-content\/uploads\/2020\/10\/Fabbri-Dach-Werbung.jpg?fit=1024%2C724&amp;ssl=1\" role=\"button\" tabindex=\"0\" aria-label=\"Bild\u00a05 von 6 im Vollbildmodus \u00f6ffnen\"srcset=\"https:\/\/i0.wp.com\/www.voeav-niederoesterreich.at\/wp-content\/uploads\/2020\/10\/Fabbri-Dach-Werbung.jpg?strip=info&#038;w=600 600w,https:\/\/i0.wp.com\/www.voeav-niederoesterreich.at\/wp-content\/uploads\/2020\/10\/Fabbri-Dach-Werbung.jpg?strip=info&#038;w=900 900w,https:\/\/i0.wp.com\/www.voeav-niederoesterreich.at\/wp-content\/uploads\/2020\/10\/Fabbri-Dach-Werbung.jpg?strip=info&#038;w=1038 1038w\" alt=\"\" data-height=\"734\" data-id=\"1032\" data-link=\"http:\/\/www.voeav-niederoesterreich.at\/?attachment_id=1032\" data-url=\"http:\/\/www.voeav-niederoesterreich.at\/wp-content\/uploads\/2020\/10\/Fabbri-Dach-Werbung.jpg\" data-width=\"1038\" src=\"https:\/\/i0.wp.com\/www.voeav-niederoesterreich.at\/wp-content\/uploads\/2020\/10\/Fabbri-Dach-Werbung.jpg\" layout=\"responsive\"\/><\/figure><\/div><div class=\"tiled-gallery__col\" style=\"flex-basis:53.275930191209355%\"><figure class=\"tiled-gallery__item\"><img decoding=\"async\" data-attachment-id=\"1031\" data-permalink=\"https:\/\/www.oevf-niederoesterreich.at\/?attachment_id=1031\" data-orig-file=\"https:\/\/i0.wp.com\/www.oevf-niederoesterreich.at\/wp-content\/uploads\/2020\/10\/Carina-Walter-Logo-weiss.jpg?fit=384%2C238&amp;ssl=1\" data-orig-size=\"384,238\" data-comments-opened=\"1\" data-image-meta=\"{&quot;aperture&quot;:&quot;0&quot;,&quot;credit&quot;:&quot;&quot;,&quot;camera&quot;:&quot;&quot;,&quot;caption&quot;:&quot;&quot;,&quot;created_timestamp&quot;:&quot;0&quot;,&quot;copyright&quot;:&quot;&quot;,&quot;focal_length&quot;:&quot;0&quot;,&quot;iso&quot;:&quot;0&quot;,&quot;shutter_speed&quot;:&quot;0&quot;,&quot;title&quot;:&quot;&quot;,&quot;orientation&quot;:&quot;0&quot;}\" data-image-title=\"Carina Walter Logo weiss\" data-image-description=\"\" data-image-caption=\"\" data-large-file=\"https:\/\/i0.wp.com\/www.oevf-niederoesterreich.at\/wp-content\/uploads\/2020\/10\/Carina-Walter-Logo-weiss.jpg?fit=384%2C238&amp;ssl=1\" data-attachment-id=\"1031\" data-permalink=\"https:\/\/www.oevf-niederoesterreich.at\/?attachment_id=1031\" data-orig-file=\"https:\/\/i0.wp.com\/www.oevf-niederoesterreich.at\/wp-content\/uploads\/2020\/10\/Carina-Walter-Logo-weiss.jpg?fit=384%2C238&amp;ssl=1\" data-orig-size=\"384,238\" data-comments-opened=\"1\" data-image-meta=\"{&quot;aperture&quot;:&quot;0&quot;,&quot;credit&quot;:&quot;&quot;,&quot;camera&quot;:&quot;&quot;,&quot;caption&quot;:&quot;&quot;,&quot;created_timestamp&quot;:&quot;0&quot;,&quot;copyright&quot;:&quot;&quot;,&quot;focal_length&quot;:&quot;0&quot;,&quot;iso&quot;:&quot;0&quot;,&quot;shutter_speed&quot;:&quot;0&quot;,&quot;title&quot;:&quot;&quot;,&quot;orientation&quot;:&quot;0&quot;}\" data-image-title=\"Carina Walter Logo weiss\" data-image-description=\"\" data-image-caption=\"\" data-large-file=\"https:\/\/i0.wp.com\/www.oevf-niederoesterreich.at\/wp-content\/uploads\/2020\/10\/Carina-Walter-Logo-weiss.jpg?fit=384%2C238&amp;ssl=1\" role=\"button\" tabindex=\"0\" aria-label=\"Bild\u00a06 von 6 im Vollbildmodus \u00f6ffnen\"srcset=\"https:\/\/i2.wp.com\/www.voeav-niederoesterreich.at\/wp-content\/uploads\/2020\/10\/Carina-Walter-Logo-weiss.jpg?strip=info&#038;w=384 384w\" alt=\"\" data-height=\"238\" data-id=\"1031\" data-link=\"http:\/\/www.voeav-niederoesterreich.at\/?attachment_id=1031\" data-url=\"http:\/\/www.voeav-niederoesterreich.at\/wp-content\/uploads\/2020\/10\/Carina-Walter-Logo-weiss.jpg\" data-width=\"384\" src=\"https:\/\/i2.wp.com\/www.voeav-niederoesterreich.at\/wp-content\/uploads\/2020\/10\/Carina-Walter-Logo-weiss.jpg\" layout=\"responsive\"\/><\/figure><\/div><\/div><\/div><\/div>\n\n\n\n<figure class=\"wp-block-image size-large\"><img data-recalc-dims=\"1\" loading=\"lazy\" decoding=\"async\" width=\"591\" height=\"118\" data-attachment-id=\"805\" data-permalink=\"https:\/\/www.oevf-niederoesterreich.at\/?attachment_id=805\" data-orig-file=\"https:\/\/i0.wp.com\/www.oevf-niederoesterreich.at\/wp-content\/uploads\/2018\/07\/NOE_Kultur_Logo.png?fit=591%2C118&amp;ssl=1\" data-orig-size=\"591,118\" data-comments-opened=\"1\" data-image-meta=\"{&quot;aperture&quot;:&quot;0&quot;,&quot;credit&quot;:&quot;&quot;,&quot;camera&quot;:&quot;&quot;,&quot;caption&quot;:&quot;&quot;,&quot;created_timestamp&quot;:&quot;0&quot;,&quot;copyright&quot;:&quot;&quot;,&quot;focal_length&quot;:&quot;0&quot;,&quot;iso&quot;:&quot;0&quot;,&quot;shutter_speed&quot;:&quot;0&quot;,&quot;title&quot;:&quot;&quot;,&quot;orientation&quot;:&quot;0&quot;}\" data-image-title=\"NOE_Kultur_Logo\" data-image-description=\"\" data-image-caption=\"\" data-large-file=\"https:\/\/i0.wp.com\/www.oevf-niederoesterreich.at\/wp-content\/uploads\/2018\/07\/NOE_Kultur_Logo.png?fit=591%2C118&amp;ssl=1\" src=\"https:\/\/i0.wp.com\/www.voeav-niederoesterreich.at\/wp-content\/uploads\/2018\/07\/NOE_Kultur_Logo.png?resize=591%2C118\" alt=\"\" class=\"wp-image-805\" srcset=\"https:\/\/i0.wp.com\/www.oevf-niederoesterreich.at\/wp-content\/uploads\/2018\/07\/NOE_Kultur_Logo.png?w=591&amp;ssl=1 591w, https:\/\/i0.wp.com\/www.oevf-niederoesterreich.at\/wp-content\/uploads\/2018\/07\/NOE_Kultur_Logo.png?resize=300%2C60&amp;ssl=1 300w\" sizes=\"auto, (max-width: 591px) 100vw, 591px\" \/><\/figure>\n","protected":false},"excerpt":{"rendered":"","protected":false},"author":1,"featured_media":575,"comment_status":"open","ping_status":"open","sticky":false,"template":"","format":"standard","meta":{"jetpack_post_was_ever_published":false,"_jetpack_newsletter_access":"","_jetpack_dont_email_post_to_subs":false,"_jetpack_newsletter_tier_id":0,"_jetpack_memberships_contains_paywalled_content":false,"_jetpack_memberships_contains_paid_content":false,"footnotes":"","jetpack_publicize_message":"","jetpack_publicize_feature_enabled":true,"jetpack_social_post_already_shared":true,"jetpack_social_options":{"image_generator_settings":{"template":"highway","default_image_id":0,"font":"","enabled":false},"version":2}},"categories":[1,8,5,4],"tags":[],"class_list":["post-1025","post","type-post","status-publish","format-standard","has-post-thumbnail","hentry","category-allgemein","category-landesmeisterschaft","category-oevf","category-wettbewerbe"],"jetpack_publicize_connections":[],"jetpack_featured_media_url":"https:\/\/i0.wp.com\/www.oevf-niederoesterreich.at\/wp-content\/uploads\/2018\/02\/voeav-noe-logo-2.png?fit=250%2C250&ssl=1","jetpack_sharing_enabled":true,"jetpack_shortlink":"https:\/\/wp.me\/p9Hgc8-gx","jetpack_likes_enabled":true,"jetpack-related-posts":[],"_links":{"self":[{"href":"https:\/\/www.oevf-niederoesterreich.at\/index.php?rest_route=\/wp\/v2\/posts\/1025","targetHints":{"allow":["GET"]}}],"collection":[{"href":"https:\/\/www.oevf-niederoesterreich.at\/index.php?rest_route=\/wp\/v2\/posts"}],"about":[{"href":"https:\/\/www.oevf-niederoesterreich.at\/index.php?rest_route=\/wp\/v2\/types\/post"}],"author":[{"embeddable":true,"href":"https:\/\/www.oevf-niederoesterreich.at\/index.php?rest_route=\/wp\/v2\/users\/1"}],"replies":[{"embeddable":true,"href":"https:\/\/www.oevf-niederoesterreich.at\/index.php?rest_route=%2Fwp%2Fv2%2Fcomments&post=1025"}],"version-history":[{"count":3,"href":"https:\/\/www.oevf-niederoesterreich.at\/index.php?rest_route=\/wp\/v2\/posts\/1025\/revisions"}],"predecessor-version":[{"id":1043,"href":"https:\/\/www.oevf-niederoesterreich.at\/index.php?rest_route=\/wp\/v2\/posts\/1025\/revisions\/1043"}],"wp:featuredmedia":[{"embeddable":true,"href":"https:\/\/www.oevf-niederoesterreich.at\/index.php?rest_route=\/wp\/v2\/media\/575"}],"wp:attachment":[{"href":"https:\/\/www.oevf-niederoesterreich.at\/index.php?rest_route=%2Fwp%2Fv2%2Fmedia&parent=1025"}],"wp:term":[{"taxonomy":"category","embeddable":true,"href":"https:\/\/www.oevf-niederoesterreich.at\/index.php?rest_route=%2Fwp%2Fv2%2Fcategories&post=1025"},{"taxonomy":"post_tag","embeddable":true,"href":"https:\/\/www.oevf-niederoesterreich.at\/index.php?rest_route=%2Fwp%2Fv2%2Ftags&post=1025"}],"curies":[{"name":"wp","href":"https:\/\/api.w.org\/{rel}","templated":true}]}}