{"id":1107,"date":"2021-08-15T15:52:02","date_gmt":"2021-08-15T13:52:02","guid":{"rendered":"https:\/\/www.voeav-niederoesterreich.at\/?p=1107"},"modified":"2021-08-17T08:12:31","modified_gmt":"2021-08-17T06:12:31","slug":"sommerworkshop-blick-kontakt","status":"publish","type":"post","link":"https:\/\/www.oevf-niederoesterreich.at\/?p=1107","title":{"rendered":"Sommerworkshop &#8211; &#8222;Blick-Kontakt&#8220; &#8211; VERSCHOBEN"},"content":{"rendered":"\n<div class=\"\"><span style=\"color: #ff0000;\"><strong><span class=\"has-inline-color has-accent-color\">Leider haben wir nicht die Mindesteilnehmerzahl erreicht. Daher wird der Workshop auf das Fr\u00fchjahr 2022 verschoben. Genaue Terminangaben folgen.<\/span><\/strong><\/span><br \/><br \/>Der Fotoklub ESV St. P\u00f6lten veranstaltet einen 4-t\u00e4gigen Sommerworkshop f\u00fcr Einsteiger und fortgeschrittene Anf\u00e4nger.<\/div>\n<div class=\"\">\u00a0<\/div>\n<div class=\"\">Samstag <span class=\"__postbox-detected-content __postbox-detected-date\">21. August<\/span> und Sonntag <span class=\"__postbox-detected-content __postbox-detected-date\">22. August<\/span> (Teil 1)<\/div>\n<div class=\"\">Samstag <span class=\"__postbox-detected-content __postbox-detected-date\">28. August<\/span> und Sonntag <span class=\"__postbox-detected-content __postbox-detected-date\">29. August<\/span> (Teil 2)<\/div>\n<div class=\"\">Jeweils von <span class=\"__postbox-detected-content __postbox-detected-date\">9:30<\/span> bis <span class=\"__postbox-detected-content __postbox-detected-date\">12:30<\/span> und <span class=\"__postbox-detected-content __postbox-detected-date\">13:30<\/span> bis ca. <span class=\"__postbox-detected-content __postbox-detected-date\">16:00<\/span><\/div>\n<div class=\"\">\u00a0<\/div>\n<div class=\"\">Kosten: \u20ac 150,00 \u00a0incl. Skriptum<\/div>\n<div class=\"\">f\u00fcr Inhaber eines spark7 Kontos \u20ac 135,00<\/div>\n<div class=\"\">\u00a0<\/div>\n<div class=\"\"><b class=\"\">f\u00fcr Mitglieder des \u00d6VF Landesverband N\u00d6 \u20ac 130,00<\/b><\/div>\n<div class=\"\">\u00a0<\/div>\n<div class=\"\">\u00a0<\/div>\n<div class=\"\"><a class=\"\" href=\"http:\/\/www.esv-fotoclub-stpoelten.at\/wp-content\/uploads\/2018\/01\/Anmeldung-ESV-Fotoworkshop_2018.pdf\" data-wplink-edit=\"true\">Anmeldung-ESV-Fotoworkshop<\/a><\/div>\n<div class=\"\">\u00a0<\/div>\n<div class=\"\">eMail: <a class=\"\" href=\"mailto:jaeggi.gerda@gmail.com\">jaeggi.gerda@gmail.com<\/a>\u00a0 Tel: 0664 &#8211; 632 <span class=\"__postbox-detected-content __postbox-detected-date\">13 36<\/span><\/div>\n<div class=\"\">\u00a0<\/div>\n<div class=\"\">eMail: <a class=\"\" href=\"mailto:robert.schoeller@gmx.at\">robert.schoeller@gmx.at<\/a>\u00a0 \u00a0Tel: 0664 &#8211; 817 <span class=\"__postbox-detected-content __postbox-detected-date\">51 48<\/span><\/div>\n","protected":false},"excerpt":{"rendered":"","protected":false},"author":1,"featured_media":0,"comment_status":"open","ping_status":"open","sticky":false,"template":"","format":"standard","meta":{"jetpack_post_was_ever_published":false,"_jetpack_newsletter_access":"","_jetpack_dont_email_post_to_subs":false,"_jetpack_newsletter_tier_id":0,"_jetpack_memberships_contains_paywalled_content":false,"_jetpack_memberships_contains_paid_content":false,"footnotes":"","jetpack_publicize_message":"","jetpack_publicize_feature_enabled":true,"jetpack_social_post_already_shared":true,"jetpack_social_options":{"image_generator_settings":{"template":"highway","default_image_id":0,"font":"","enabled":false},"version":2}},"categories":[1,10],"tags":[],"class_list":["post-1107","post","type-post","status-publish","format-standard","hentry","category-allgemein","category-workshops"],"jetpack_publicize_connections":[],"jetpack_featured_media_url":"","jetpack_sharing_enabled":true,"jetpack_shortlink":"https:\/\/wp.me\/p9Hgc8-hR","jetpack_likes_enabled":true,"jetpack-related-posts":[],"_links":{"self":[{"href":"https:\/\/www.oevf-niederoesterreich.at\/index.php?rest_route=\/wp\/v2\/posts\/1107","targetHints":{"allow":["GET"]}}],"collection":[{"href":"https:\/\/www.oevf-niederoesterreich.at\/index.php?rest_route=\/wp\/v2\/posts"}],"about":[{"href":"https:\/\/www.oevf-niederoesterreich.at\/index.php?rest_route=\/wp\/v2\/types\/post"}],"author":[{"embeddable":true,"href":"https:\/\/www.oevf-niederoesterreich.at\/index.php?rest_route=\/wp\/v2\/users\/1"}],"replies":[{"embeddable":true,"href":"https:\/\/www.oevf-niederoesterreich.at\/index.php?rest_route=%2Fwp%2Fv2%2Fcomments&post=1107"}],"version-history":[{"count":2,"href":"https:\/\/www.oevf-niederoesterreich.at\/index.php?rest_route=\/wp\/v2\/posts\/1107\/revisions"}],"predecessor-version":[{"id":1112,"href":"https:\/\/www.oevf-niederoesterreich.at\/index.php?rest_route=\/wp\/v2\/posts\/1107\/revisions\/1112"}],"wp:attachment":[{"href":"https:\/\/www.oevf-niederoesterreich.at\/index.php?rest_route=%2Fwp%2Fv2%2Fmedia&parent=1107"}],"wp:term":[{"taxonomy":"category","embeddable":true,"href":"https:\/\/www.oevf-niederoesterreich.at\/index.php?rest_route=%2Fwp%2Fv2%2Fcategories&post=1107"},{"taxonomy":"post_tag","embeddable":true,"href":"https:\/\/www.oevf-niederoesterreich.at\/index.php?rest_route=%2Fwp%2Fv2%2Ftags&post=1107"}],"curies":[{"name":"wp","href":"https:\/\/api.w.org\/{rel}","templated":true}]}}