{"id":1113,"date":"2021-08-17T14:30:30","date_gmt":"2021-08-17T12:30:30","guid":{"rendered":"https:\/\/www.voeav-niederoesterreich.at\/?p=1113"},"modified":"2021-08-17T14:31:13","modified_gmt":"2021-08-17T12:31:13","slug":"jubilaeums-fotoaustellung-des-fotoklub-oegv-neunkrichen","status":"publish","type":"post","link":"https:\/\/www.oevf-niederoesterreich.at\/?p=1113","title":{"rendered":"Jubil\u00e4ums-Fotoaustellung des Fotoklub \u00d6GV Neunkrichen"},"content":{"rendered":"\n<p>Der \u201eFotoklub \u00d6GV Neunkirchen\u201c feiert heuer sein 70-j\u00e4hriges Bestandsjubil\u00e4um.<\/p>\n<p>Aus diesem Anlass m\u00f6chten wir uns in der \u00d6ffentlichkeit pr\u00e4sentieren und freuen uns, unsere \u201eJubil\u00e4umsausstellung\u201c ank\u00fcndigen zu d\u00fcrfen!<\/p>\n<p>Termin: <strong>Freitag, 24. September 2021<\/strong><\/p>\n<p>Beginn: <strong>19:00 Uhr<\/strong><\/p>\n<p>Ort: <strong>Galerie am Stiergraben<\/strong> (Stadtb\u00fccherei), 2620 Neunkirchen, <span style=\"font-size: revert;\">Am Stiergraben 1, 2620 Neunkirchen<\/span><\/p>\n<p style=\"text-align: justify;\">Die Mitglieder des Fotoklubs pr\u00e4sentieren einen Querschnitt ihres fotografischen Schaffens mit \u00fcber 40 geh\u00e4ngten gro\u00dfformatigen Bildern und einer 15-min\u00fctigen Beamer-Show. Zu sehen sind dabei auch viele bei nationalen und internationalen Wettbewerben ausgezeichnete Werke.<\/p>\n<h3>Vernissage Programm<\/h3>\n<p>19:00: Einlass<br \/>19:30: Begr\u00fc\u00dfung mit musikalischer Umrahmung<br \/>20:00: Beamer-Show mit musikalischer Life-Untermalung<br \/>20:30: Kaltes Buffet und Getr\u00e4nke<br \/>21:30: Ausklang der Vernissage<\/p>\n<p>Die Bilder sind danach noch mindestens 2 Wochen zu den \u00d6ffnungszeiten der Stadtb\u00fccherei zu besichtigen!<\/p>\n<p>Wir w\u00fcrden uns \u00fcber einen Besuch der Vernissage bzw. der Ausstellung sehr freuen.<\/p>\n<p style=\"text-align: justify;\">Wir hoffen nat\u00fcrlich unsere Veranstaltung m\u00f6glichst unbeeintr\u00e4chtigt von Corona durchf\u00fchren zu k\u00f6nnen, die zu diesem Zeitpunkt aktuellen Corona-Regelungen kommen zur Anwendung!<\/p>\n<p><strong>Wolfgang Mayer<\/strong><br \/><strong>Fotoklub \u00d6GV Neunkirchen<\/strong><\/p>\n","protected":false},"excerpt":{"rendered":"","protected":false},"author":1,"featured_media":0,"comment_status":"open","ping_status":"open","sticky":false,"template":"","format":"standard","meta":{"jetpack_post_was_ever_published":false,"_jetpack_newsletter_access":"","_jetpack_dont_email_post_to_subs":false,"_jetpack_newsletter_tier_id":0,"_jetpack_memberships_contains_paywalled_content":false,"_jetpack_memberships_contains_paid_content":false,"footnotes":"","jetpack_publicize_message":"","jetpack_publicize_feature_enabled":true,"jetpack_social_post_already_shared":true,"jetpack_social_options":{"image_generator_settings":{"template":"highway","default_image_id":0,"font":"","enabled":false},"version":2}},"categories":[9],"tags":[],"class_list":["post-1113","post","type-post","status-publish","format-standard","hentry","category-ausstellungen"],"jetpack_publicize_connections":[],"jetpack_featured_media_url":"","jetpack_sharing_enabled":true,"jetpack_shortlink":"https:\/\/wp.me\/p9Hgc8-hX","jetpack_likes_enabled":true,"jetpack-related-posts":[],"_links":{"self":[{"href":"https:\/\/www.oevf-niederoesterreich.at\/index.php?rest_route=\/wp\/v2\/posts\/1113","targetHints":{"allow":["GET"]}}],"collection":[{"href":"https:\/\/www.oevf-niederoesterreich.at\/index.php?rest_route=\/wp\/v2\/posts"}],"about":[{"href":"https:\/\/www.oevf-niederoesterreich.at\/index.php?rest_route=\/wp\/v2\/types\/post"}],"author":[{"embeddable":true,"href":"https:\/\/www.oevf-niederoesterreich.at\/index.php?rest_route=\/wp\/v2\/users\/1"}],"replies":[{"embeddable":true,"href":"https:\/\/www.oevf-niederoesterreich.at\/index.php?rest_route=%2Fwp%2Fv2%2Fcomments&post=1113"}],"version-history":[{"count":2,"href":"https:\/\/www.oevf-niederoesterreich.at\/index.php?rest_route=\/wp\/v2\/posts\/1113\/revisions"}],"predecessor-version":[{"id":1115,"href":"https:\/\/www.oevf-niederoesterreich.at\/index.php?rest_route=\/wp\/v2\/posts\/1113\/revisions\/1115"}],"wp:attachment":[{"href":"https:\/\/www.oevf-niederoesterreich.at\/index.php?rest_route=%2Fwp%2Fv2%2Fmedia&parent=1113"}],"wp:term":[{"taxonomy":"category","embeddable":true,"href":"https:\/\/www.oevf-niederoesterreich.at\/index.php?rest_route=%2Fwp%2Fv2%2Fcategories&post=1113"},{"taxonomy":"post_tag","embeddable":true,"href":"https:\/\/www.oevf-niederoesterreich.at\/index.php?rest_route=%2Fwp%2Fv2%2Ftags&post=1113"}],"curies":[{"name":"wp","href":"https:\/\/api.w.org\/{rel}","templated":true}]}}