{"id":1118,"date":"2021-10-13T16:35:45","date_gmt":"2021-10-13T14:35:45","guid":{"rendered":"https:\/\/www.voeav-niederoesterreich.at\/?p=1118"},"modified":"2021-10-13T16:36:15","modified_gmt":"2021-10-13T14:36:15","slug":"ergebnisliste-landesmeisterschaft-2021","status":"publish","type":"post","link":"https:\/\/www.oevf-niederoesterreich.at\/?p=1118","title":{"rendered":"Ergebnisliste Landesmeisterschaft 2021"},"content":{"rendered":"\n<p>Die Ergebnisse der diesj\u00e4hrigen V\u00d6AV-Landesmeisterschaft sind da!<\/p>\n\n\n\n<p>Hier kannst Du die Ergebnisliste herunterladen: <a href=\"https:\/\/www.voeav-niederoesterreich.at\/wp-content\/uploads\/2021\/10\/Landesmeisterschaft-2021-Ergebnisliste.pdf\">Link<\/a><\/p>\n\n\n\n<p>Weiter m\u00f6chten wir uns herzlichst bei allen anderen Helfern und Beteiligten, vor allem aber bei den Juroren des Landesverbands Ober\u00f6sterreich<\/p>\n<p style=\"text-align: center;\"><strong>Franz Etzenberger<\/strong><\/p>\n<p style=\"text-align: center;\"><strong>Josef Kastner<\/strong><\/p>\n<p style=\"text-align: center;\"><strong>Stefan Nagy<\/strong><\/p>\n<p style=\"text-align: center;\">und\u00a0<\/p>\n<p style=\"text-align: center;\"><strong>Gerhard Stockinger<\/strong><\/p>\n<p style=\"text-align: center;\">bedanken.<\/p>\n<p>Die Einladung f\u00fcr die Preisverleihung und Pr\u00e4sentation folgt in K\u00fcrze.<\/p>\n<p><\/p>\n<figure class=\"wp-block-image size-large\"><img data-recalc-dims=\"1\" loading=\"lazy\" decoding=\"async\" width=\"591\" height=\"118\" data-attachment-id=\"805\" data-permalink=\"https:\/\/www.oevf-niederoesterreich.at\/?attachment_id=805\" data-orig-file=\"https:\/\/i0.wp.com\/www.oevf-niederoesterreich.at\/wp-content\/uploads\/2018\/07\/NOE_Kultur_Logo.png?fit=591%2C118&amp;ssl=1\" data-orig-size=\"591,118\" data-comments-opened=\"1\" data-image-meta=\"{&quot;aperture&quot;:&quot;0&quot;,&quot;credit&quot;:&quot;&quot;,&quot;camera&quot;:&quot;&quot;,&quot;caption&quot;:&quot;&quot;,&quot;created_timestamp&quot;:&quot;0&quot;,&quot;copyright&quot;:&quot;&quot;,&quot;focal_length&quot;:&quot;0&quot;,&quot;iso&quot;:&quot;0&quot;,&quot;shutter_speed&quot;:&quot;0&quot;,&quot;title&quot;:&quot;&quot;,&quot;orientation&quot;:&quot;0&quot;}\" data-image-title=\"NOE_Kultur_Logo\" data-image-description=\"\" data-image-caption=\"\" data-large-file=\"https:\/\/i0.wp.com\/www.oevf-niederoesterreich.at\/wp-content\/uploads\/2018\/07\/NOE_Kultur_Logo.png?fit=591%2C118&amp;ssl=1\" class=\"wp-image-805 aligncenter\" src=\"https:\/\/i0.wp.com\/www.voeav-niederoesterreich.at\/wp-content\/uploads\/2018\/07\/NOE_Kultur_Logo.png?resize=591%2C118\" alt=\"\" srcset=\"https:\/\/i0.wp.com\/www.oevf-niederoesterreich.at\/wp-content\/uploads\/2018\/07\/NOE_Kultur_Logo.png?w=591&amp;ssl=1 591w, https:\/\/i0.wp.com\/www.oevf-niederoesterreich.at\/wp-content\/uploads\/2018\/07\/NOE_Kultur_Logo.png?resize=300%2C60&amp;ssl=1 300w\" sizes=\"auto, (max-width: 591px) 100vw, 591px\" \/><\/figure>\n<p><\/p>\n","protected":false},"excerpt":{"rendered":"<p>Die Ergebnisse der diesj\u00e4hrigen V\u00d6AV-Landesmeisterschaft sind da! Hier kannst Du die Ergebnisliste herunterladen: Link<\/p>\n","protected":false},"author":1,"featured_media":575,"comment_status":"open","ping_status":"open","sticky":false,"template":"","format":"standard","meta":{"jetpack_post_was_ever_published":false,"_jetpack_newsletter_access":"","_jetpack_dont_email_post_to_subs":false,"_jetpack_newsletter_tier_id":0,"_jetpack_memberships_contains_paywalled_content":false,"_jetpack_memberships_contains_paid_content":false,"footnotes":"","jetpack_publicize_message":"","jetpack_publicize_feature_enabled":true,"jetpack_social_post_already_shared":true,"jetpack_social_options":{"image_generator_settings":{"template":"highway","default_image_id":0,"font":"","enabled":false},"version":2}},"categories":[1,8,5,4],"tags":[28,27,29,24,26,25,30],"class_list":["post-1118","post","type-post","status-publish","format-standard","has-post-thumbnail","hentry","category-allgemein","category-landesmeisterschaft","category-oevf","category-wettbewerbe","tag-28","tag-fotografie","tag-fotowettbewerb","tag-landesmeisterschaft","tag-oevf","tag-voeav","tag-wettbewerb"],"jetpack_publicize_connections":[],"jetpack_featured_media_url":"https:\/\/i0.wp.com\/www.oevf-niederoesterreich.at\/wp-content\/uploads\/2018\/02\/voeav-noe-logo-2.png?fit=250%2C250&ssl=1","jetpack_sharing_enabled":true,"jetpack_shortlink":"https:\/\/wp.me\/p9Hgc8-i2","jetpack_likes_enabled":true,"jetpack-related-posts":[],"_links":{"self":[{"href":"https:\/\/www.oevf-niederoesterreich.at\/index.php?rest_route=\/wp\/v2\/posts\/1118","targetHints":{"allow":["GET"]}}],"collection":[{"href":"https:\/\/www.oevf-niederoesterreich.at\/index.php?rest_route=\/wp\/v2\/posts"}],"about":[{"href":"https:\/\/www.oevf-niederoesterreich.at\/index.php?rest_route=\/wp\/v2\/types\/post"}],"author":[{"embeddable":true,"href":"https:\/\/www.oevf-niederoesterreich.at\/index.php?rest_route=\/wp\/v2\/users\/1"}],"replies":[{"embeddable":true,"href":"https:\/\/www.oevf-niederoesterreich.at\/index.php?rest_route=%2Fwp%2Fv2%2Fcomments&post=1118"}],"version-history":[{"count":2,"href":"https:\/\/www.oevf-niederoesterreich.at\/index.php?rest_route=\/wp\/v2\/posts\/1118\/revisions"}],"predecessor-version":[{"id":1304,"href":"https:\/\/www.oevf-niederoesterreich.at\/index.php?rest_route=\/wp\/v2\/posts\/1118\/revisions\/1304"}],"wp:featuredmedia":[{"embeddable":true,"href":"https:\/\/www.oevf-niederoesterreich.at\/index.php?rest_route=\/wp\/v2\/media\/575"}],"wp:attachment":[{"href":"https:\/\/www.oevf-niederoesterreich.at\/index.php?rest_route=%2Fwp%2Fv2%2Fmedia&parent=1118"}],"wp:term":[{"taxonomy":"category","embeddable":true,"href":"https:\/\/www.oevf-niederoesterreich.at\/index.php?rest_route=%2Fwp%2Fv2%2Fcategories&post=1118"},{"taxonomy":"post_tag","embeddable":true,"href":"https:\/\/www.oevf-niederoesterreich.at\/index.php?rest_route=%2Fwp%2Fv2%2Ftags&post=1118"}],"curies":[{"name":"wp","href":"https:\/\/api.w.org\/{rel}","templated":true}]}}