{"id":1132,"date":"2021-10-26T17:16:03","date_gmt":"2021-10-26T15:16:03","guid":{"rendered":"https:\/\/www.voeav-niederoesterreich.at\/?p=1132"},"modified":"2021-11-09T09:08:07","modified_gmt":"2021-11-09T08:08:07","slug":"einladung-zur-siegerehrung-des-noe-landesfotowettbewerbs-2021","status":"publish","type":"post","link":"https:\/\/www.oevf-niederoesterreich.at\/?p=1132","title":{"rendered":"Einladung zur Siegerehrung des N\u00d6-Landesfotowettbewerbs 2021"},"content":{"rendered":"\n<p class=\"has-text-align-center\">Wir freuen uns sehr, unter Einhaltung der aktuell g\u00fcltigen COVID-19-Ma\u00dfnahmen zur<\/p>\n\n\n\n<p class=\"has-text-align-center\"><strong>Pr\u00e4sentation der bestbewerteten Bilder<\/strong><\/p>\n\n\n\n<p class=\"has-text-align-center\">und zur<\/p>\n\n\n\n<p class=\"has-text-align-center\"><strong>Siegerehrung<\/strong><\/p>\n\n\n\n<p class=\"has-text-align-center\">des<\/p>\n\n\n\n<p class=\"has-text-align-center\"><strong>N\u00d6-Landesfotowettbewerb 2021<\/strong><\/p>\n\n\n\n<p class=\"has-text-align-center\">einzuladen.<\/p>\n\n\n\n<!--more-->\n\n\n\n<figure class=\"wp-block-table is-style-regular\"><table><tbody><tr><td>Datum:<\/td><td><strong>13. November 2021<\/strong><\/td><\/tr><tr><td>Uhrzeit:<\/td><td><strong>16:00<\/strong><\/td><\/tr><tr><td>Ort:<\/td><td><strong>ESV-Sportheim, 3100 St. P\u00f6lten, Kollerbergweg (gegen\u00fcber von Haus-Nr. 43)<\/strong><\/td><\/tr><\/tbody><\/table><\/figure>\n\n\n\n<p class=\"has-text-align-center\"><strong>Beachten Sie bitte, dass die Hygiene- &amp; Infektionsschutzregelungen verpflichtend sind und ein 2G-Nachweis zu erbringen ist!<\/strong><\/p>\n","protected":false},"excerpt":{"rendered":"<p>Wir freuen uns sehr, unter Einhaltung der aktuell g\u00fcltigen COVID-19-Ma\u00dfnahmen zur Pr\u00e4sentation der bestbewerteten Bilder und zur Siegerehrung des N\u00d6-Landesfotowettbewerb 2021 einzuladen.<\/p>\n","protected":false},"author":1,"featured_media":575,"comment_status":"open","ping_status":"open","sticky":false,"template":"","format":"standard","meta":{"jetpack_post_was_ever_published":false,"_jetpack_newsletter_access":"","_jetpack_dont_email_post_to_subs":false,"_jetpack_newsletter_tier_id":0,"_jetpack_memberships_contains_paywalled_content":false,"_jetpack_memberships_contains_paid_content":false,"footnotes":"","jetpack_publicize_message":"","jetpack_publicize_feature_enabled":true,"jetpack_social_post_already_shared":true,"jetpack_social_options":{"image_generator_settings":{"template":"highway","default_image_id":0,"font":"","enabled":false},"version":2}},"categories":[8,5,4],"tags":[],"class_list":["post-1132","post","type-post","status-publish","format-standard","has-post-thumbnail","hentry","category-landesmeisterschaft","category-oevf","category-wettbewerbe"],"jetpack_publicize_connections":[],"jetpack_featured_media_url":"https:\/\/i0.wp.com\/www.oevf-niederoesterreich.at\/wp-content\/uploads\/2018\/02\/voeav-noe-logo-2.png?fit=250%2C250&ssl=1","jetpack_sharing_enabled":true,"jetpack_shortlink":"https:\/\/wp.me\/p9Hgc8-ig","jetpack_likes_enabled":true,"jetpack-related-posts":[],"_links":{"self":[{"href":"https:\/\/www.oevf-niederoesterreich.at\/index.php?rest_route=\/wp\/v2\/posts\/1132","targetHints":{"allow":["GET"]}}],"collection":[{"href":"https:\/\/www.oevf-niederoesterreich.at\/index.php?rest_route=\/wp\/v2\/posts"}],"about":[{"href":"https:\/\/www.oevf-niederoesterreich.at\/index.php?rest_route=\/wp\/v2\/types\/post"}],"author":[{"embeddable":true,"href":"https:\/\/www.oevf-niederoesterreich.at\/index.php?rest_route=\/wp\/v2\/users\/1"}],"replies":[{"embeddable":true,"href":"https:\/\/www.oevf-niederoesterreich.at\/index.php?rest_route=%2Fwp%2Fv2%2Fcomments&post=1132"}],"version-history":[{"count":4,"href":"https:\/\/www.oevf-niederoesterreich.at\/index.php?rest_route=\/wp\/v2\/posts\/1132\/revisions"}],"predecessor-version":[{"id":1314,"href":"https:\/\/www.oevf-niederoesterreich.at\/index.php?rest_route=\/wp\/v2\/posts\/1132\/revisions\/1314"}],"wp:featuredmedia":[{"embeddable":true,"href":"https:\/\/www.oevf-niederoesterreich.at\/index.php?rest_route=\/wp\/v2\/media\/575"}],"wp:attachment":[{"href":"https:\/\/www.oevf-niederoesterreich.at\/index.php?rest_route=%2Fwp%2Fv2%2Fmedia&parent=1132"}],"wp:term":[{"taxonomy":"category","embeddable":true,"href":"https:\/\/www.oevf-niederoesterreich.at\/index.php?rest_route=%2Fwp%2Fv2%2Fcategories&post=1132"},{"taxonomy":"post_tag","embeddable":true,"href":"https:\/\/www.oevf-niederoesterreich.at\/index.php?rest_route=%2Fwp%2Fv2%2Ftags&post=1132"}],"curies":[{"name":"wp","href":"https:\/\/api.w.org\/{rel}","templated":true}]}}