{"id":470,"date":"2017-07-18T13:04:13","date_gmt":"2017-07-18T11:04:13","guid":{"rendered":"http:\/\/www.voeav-niederoesterreich.at\/?p=470"},"modified":"2018-02-26T12:39:40","modified_gmt":"2018-02-26T11:39:40","slug":"impressionen-vom-lv-noe-fotoworkshop-im-foyer-des-festspielhauses-st-poelten","status":"publish","type":"post","link":"https:\/\/www.oevf-niederoesterreich.at\/?p=470","title":{"rendered":"Impressionen vom LV-N\u00d6 Fotoworkshop im Foyer des Festspielhauses St. P\u00f6lten"},"content":{"rendered":"<p>Im au\u00dfergew\u00f6hnlichen Ambiente wurden unsere bezaubernden Modelle Sajira und Lisa, von Josef Bollwein perfekt in Szene gesetzt.<\/p>\n<p><!--more--><\/p>\n<p>Unter seiner fachm\u00e4nnischen Leitung gelangen den Workshop-TeilnehmerInnen besondere Fotos.<\/p>\n<p>Hier ein paar Impressionen von diesem Tag.<\/p>\n<style id=\"bwg-style-0\">    #bwg_container1_0 #bwg_container2_0 .bwg-container-0.bwg-standard-thumbnails {      width: 904px;              justify-content: center;        margin:0 auto !important;              background-color: rgba(255, 255, 255, 0.00);            padding-left: 4px;      padding-top: 4px;      max-width: 100%;            }        #bwg_container1_0 #bwg_container2_0 .bwg-container-0.bwg-standard-thumbnails .bwg-item {    justify-content: flex-start;      max-width: 180px;          }    #bwg_container1_0 #bwg_container2_0 .bwg-container-0.bwg-standard-thumbnails .bwg-item a {       margin-right: 4px;       margin-bottom: 4px;    }    #bwg_container1_0 #bwg_container2_0 .bwg-container-0.bwg-standard-thumbnails .bwg-item0 {      padding: 0px;            background-color:rgba(255,255,255, 0.30);      border: 0px none #CCCCCC;      opacity: 1.00;      border-radius: 0;      box-shadow: 0px 0px 0px #888888;    }    #bwg_container1_0 #bwg_container2_0 .bwg-container-0.bwg-standard-thumbnails .bwg-item1 img {      max-height: none;      max-width: none;      padding: 0 !important;    }        @media only screen and (min-width: 480px) {      #bwg_container1_0 #bwg_container2_0 .bwg-container-0.bwg-standard-thumbnails .bwg-item0 {        transition: all 0.3s ease 0s;-webkit-transition: all 0.3s ease 0s;      }      #bwg_container1_0 #bwg_container2_0 .bwg-container-0.bwg-standard-thumbnails .bwg-item0:hover {        -ms-transform: scale(1.1);        -webkit-transform: scale(1.1);        transform: scale(1.1);      }    }          #bwg_container1_0 #bwg_container2_0 .bwg-container-0.bwg-standard-thumbnails .bwg-item1 {      padding-top: 50%;    }        #bwg_container1_0 #bwg_container2_0 .bwg-container-0.bwg-standard-thumbnails .bwg-title2,    #bwg_container1_0 #bwg_container2_0 .bwg-container-0.bwg-standard-thumbnails .bwg-ecommerce2 {      color: #CCCCCC;      font-family: segoe ui;      font-size: 16px;      font-weight: bold;      padding: 2px;      text-shadow: 0px 0px 0px #888888;      max-height: 100%;    }    #bwg_container1_0 #bwg_container2_0 .bwg-container-0.bwg-standard-thumbnails .bwg-thumb-description span {    color: #323A45;    font-family: Ubuntu;    font-size: 12px;    max-height: 100%;    word-wrap: break-word;    }    #bwg_container1_0 #bwg_container2_0 .bwg-container-0.bwg-standard-thumbnails .bwg-play-icon2 {      font-size: 32px;    }    #bwg_container1_0 #bwg_container2_0 .bwg-container-0.bwg-standard-thumbnails .bwg-ecommerce2 {      font-size: 19.2px;      color: #CCCCCC;    }    <\/style>    <div id=\"bwg_container1_0\"         class=\"bwg_container bwg_thumbnail bwg_thumbnails \"         data-right-click-protection=\"0\"         data-bwg=\"0\"         data-scroll=\"0\"         data-gallery-type=\"thumbnails\"         data-gallery-view-type=\"thumbnails\"         data-current-url=\"\/index.php?rest_route=%2Fwp%2Fv2%2Fposts%2F470\"         data-lightbox-url=\"https:\/\/www.oevf-niederoesterreich.at\/wp-admin\/admin-ajax.php?action=GalleryBox&#038;current_view=0&#038;gallery_id=1&#038;tag=0&#038;theme_id=1&#038;shortcode_id=2&#038;sort_by=order&#038;order_by=asc&#038;current_url=%2Findex.php%3Frest_route%3D%252Fwp%252Fv2%252Fposts%252F470\"         data-gallery-id=\"1\"         data-popup-width=\"1200\"         data-popup-height=\"900\"         data-is-album=\"gallery\"         data-buttons-position=\"bottom\">      <div id=\"bwg_container2_0\">             <div id=\"ajax_loading_0\" class=\"bwg_loading_div_1\">      <div class=\"bwg_loading_div_2\">        <div class=\"bwg_loading_div_3\">          <div id=\"loading_div_0\" class=\"bwg_spider_ajax_loading\">          <\/div>        <\/div>      <\/div>    <\/div>            <form id=\"gal_front_form_0\"              class=\"bwg-hidden\"              method=\"post\"              action=\"#\"              data-current=\"0\"              data-shortcode-id=\"2\"              data-gallery-type=\"thumbnails\"              data-gallery-id=\"1\"              data-tag=\"0\"              data-album-id=\"0\"              data-theme-id=\"1\"              data-ajax-url=\"https:\/\/www.oevf-niederoesterreich.at\/wp-admin\/admin-ajax.php?action=bwg_frontend_data\">          <div id=\"bwg_container3_0\" class=\"bwg-background bwg-background-0\">                <div data-max-count=\"5\"         data-thumbnail-width=\"180\"         data-bwg=\"0\"         data-gallery-id=\"1\"         data-lightbox-url=\"https:\/\/www.oevf-niederoesterreich.at\/wp-admin\/admin-ajax.php?action=GalleryBox&amp;current_view=0&amp;gallery_id=1&amp;tag=0&amp;theme_id=1&amp;shortcode_id=2&amp;sort_by=order&amp;order_by=asc&amp;current_url=%2Findex.php%3Frest_route%3D%252Fwp%252Fv2%252Fposts%252F470\"         id=\"bwg_thumbnails_0\"         class=\"bwg-container-0 bwg-thumbnails bwg-standard-thumbnails bwg-container bwg-border-box\">            <div class=\"bwg-item\">        <a class=\"bwg-a  bwg_lightbox\"  data-image-id=\"19\" href=\"https:\/\/www.oevf-niederoesterreich.at\/wp-content\/uploads\/photo-gallery\/imported_from_media_libray\/\/02_Gabi-Steiner_2017-Festspielhaus_030.jpg\" data-elementor-open-lightbox=\"no\">                <div class=\"bwg-item0 \">          <div class=\"bwg-item1 \">            <div class=\"bwg-item2\">              <img decoding=\"async\" class=\"skip-lazy bwg_standart_thumb_img_0 \"                   data-id=\"19\"                   data-width=\"\"                   data-height=\"\"                   data-src=\"https:\/\/www.oevf-niederoesterreich.at\/wp-content\/uploads\/photo-gallery\/imported_from_media_libray\/\/thumb\/02_Gabi-Steiner_2017-Festspielhaus_030.jpg\"                   src=\"https:\/\/www.oevf-niederoesterreich.at\/wp-content\/uploads\/photo-gallery\/imported_from_media_libray\/\/thumb\/02_Gabi-Steiner_2017-Festspielhaus_030.jpg\"                   alt=\"02_gabi-steiner_2017-festspielhaus_030\"                   title=\"02_gabi-steiner_2017-festspielhaus_030\" \/>            <\/div>            <div class=\"\">                                                      <\/div>          <\/div>        <\/div>                        <\/a>              <\/div>            <div class=\"bwg-item\">        <a class=\"bwg-a  bwg_lightbox\"  data-image-id=\"18\" href=\"https:\/\/www.oevf-niederoesterreich.at\/wp-content\/uploads\/photo-gallery\/imported_from_media_libray\/\/03_Gabi-Steiner_2017-Festspielhaus_047.jpg\" data-elementor-open-lightbox=\"no\">                <div class=\"bwg-item0 \">          <div class=\"bwg-item1 \">            <div class=\"bwg-item2\">              <img decoding=\"async\" class=\"skip-lazy bwg_standart_thumb_img_0 \"                   data-id=\"18\"                   data-width=\"\"                   data-height=\"\"                   data-src=\"https:\/\/www.oevf-niederoesterreich.at\/wp-content\/uploads\/photo-gallery\/imported_from_media_libray\/\/thumb\/03_Gabi-Steiner_2017-Festspielhaus_047.jpg\"                   src=\"https:\/\/www.oevf-niederoesterreich.at\/wp-content\/uploads\/photo-gallery\/imported_from_media_libray\/\/thumb\/03_Gabi-Steiner_2017-Festspielhaus_047.jpg\"                   alt=\"03_gabi-steiner_2017-festspielhaus_047\"                   title=\"03_gabi-steiner_2017-festspielhaus_047\" \/>            <\/div>            <div class=\"\">                                                      <\/div>          <\/div>        <\/div>                        <\/a>              <\/div>            <div class=\"bwg-item\">        <a class=\"bwg-a  bwg_lightbox\"  data-image-id=\"17\" href=\"https:\/\/www.oevf-niederoesterreich.at\/wp-content\/uploads\/photo-gallery\/imported_from_media_libray\/\/04_Gabi-Steiner_2017-Festspielhaus_259.jpg\" data-elementor-open-lightbox=\"no\">                <div class=\"bwg-item0 \">          <div class=\"bwg-item1 \">            <div class=\"bwg-item2\">              <img decoding=\"async\" class=\"skip-lazy bwg_standart_thumb_img_0 \"                   data-id=\"17\"                   data-width=\"\"                   data-height=\"\"                   data-src=\"https:\/\/www.oevf-niederoesterreich.at\/wp-content\/uploads\/photo-gallery\/imported_from_media_libray\/\/thumb\/04_Gabi-Steiner_2017-Festspielhaus_259.jpg\"                   src=\"https:\/\/www.oevf-niederoesterreich.at\/wp-content\/uploads\/photo-gallery\/imported_from_media_libray\/\/thumb\/04_Gabi-Steiner_2017-Festspielhaus_259.jpg\"                   alt=\"04_gabi-steiner_2017-festspielhaus_259\"                   title=\"04_gabi-steiner_2017-festspielhaus_259\" \/>            <\/div>            <div class=\"\">                                                      <\/div>          <\/div>        <\/div>                        <\/a>              <\/div>            <div class=\"bwg-item\">        <a class=\"bwg-a  bwg_lightbox\"  data-image-id=\"16\" href=\"https:\/\/www.oevf-niederoesterreich.at\/wp-content\/uploads\/photo-gallery\/imported_from_media_libray\/\/05_Ernst-Siwek_-mit-klangturm.jpg\" data-elementor-open-lightbox=\"no\">                <div class=\"bwg-item0 \">          <div class=\"bwg-item1 \">            <div class=\"bwg-item2\">              <img decoding=\"async\" class=\"skip-lazy bwg_standart_thumb_img_0 \"                   data-id=\"16\"                   data-width=\"\"                   data-height=\"\"                   data-src=\"https:\/\/www.oevf-niederoesterreich.at\/wp-content\/uploads\/photo-gallery\/imported_from_media_libray\/\/thumb\/05_Ernst-Siwek_-mit-klangturm.jpg\"                   src=\"https:\/\/www.oevf-niederoesterreich.at\/wp-content\/uploads\/photo-gallery\/imported_from_media_libray\/\/thumb\/05_Ernst-Siwek_-mit-klangturm.jpg\"                   alt=\"05_ernst-siwek_-mit-klangturm\"                   title=\"05_ernst-siwek_-mit-klangturm\" \/>            <\/div>            <div class=\"\">                                                      <\/div>          <\/div>        <\/div>                        <\/a>              <\/div>            <div class=\"bwg-item\">        <a class=\"bwg-a  bwg_lightbox\"  data-image-id=\"15\" href=\"https:\/\/www.oevf-niederoesterreich.at\/wp-content\/uploads\/photo-gallery\/imported_from_media_libray\/\/06_Gabi-Steiner_2017-Festspielhaus_309-2.jpg\" data-elementor-open-lightbox=\"no\">                <div class=\"bwg-item0 \">          <div class=\"bwg-item1 \">            <div class=\"bwg-item2\">              <img decoding=\"async\" class=\"skip-lazy bwg_standart_thumb_img_0 \"                   data-id=\"15\"                   data-width=\"\"                   data-height=\"\"                   data-src=\"https:\/\/www.oevf-niederoesterreich.at\/wp-content\/uploads\/photo-gallery\/imported_from_media_libray\/\/thumb\/06_Gabi-Steiner_2017-Festspielhaus_309-2.jpg\"                   src=\"https:\/\/www.oevf-niederoesterreich.at\/wp-content\/uploads\/photo-gallery\/imported_from_media_libray\/\/thumb\/06_Gabi-Steiner_2017-Festspielhaus_309-2.jpg\"                   alt=\"06_gabi-steiner_2017-festspielhaus_309-2\"                   title=\"06_gabi-steiner_2017-festspielhaus_309-2\" \/>            <\/div>            <div class=\"\">                                                      <\/div>          <\/div>        <\/div>                        <\/a>              <\/div>            <div class=\"bwg-item\">        <a class=\"bwg-a  bwg_lightbox\"  data-image-id=\"14\" href=\"https:\/\/www.oevf-niederoesterreich.at\/wp-content\/uploads\/photo-gallery\/imported_from_media_libray\/\/07_Werner-Halbauer_Am-Fenster-9971.jpg\" data-elementor-open-lightbox=\"no\">                <div class=\"bwg-item0 \">          <div class=\"bwg-item1 \">            <div class=\"bwg-item2\">              <img decoding=\"async\" class=\"skip-lazy bwg_standart_thumb_img_0 \"                   data-id=\"14\"                   data-width=\"\"                   data-height=\"\"                   data-src=\"https:\/\/www.oevf-niederoesterreich.at\/wp-content\/uploads\/photo-gallery\/imported_from_media_libray\/\/thumb\/07_Werner-Halbauer_Am-Fenster-9971.jpg\"                   src=\"https:\/\/www.oevf-niederoesterreich.at\/wp-content\/uploads\/photo-gallery\/imported_from_media_libray\/\/thumb\/07_Werner-Halbauer_Am-Fenster-9971.jpg\"                   alt=\"07_werner-halbauer_am-fenster-9971\"                   title=\"07_werner-halbauer_am-fenster-9971\" \/>            <\/div>            <div class=\"\">                                                      <\/div>          <\/div>        <\/div>                        <\/a>              <\/div>            <div class=\"bwg-item\">        <a class=\"bwg-a  bwg_lightbox\"  data-image-id=\"13\" href=\"https:\/\/www.oevf-niederoesterreich.at\/wp-content\/uploads\/photo-gallery\/imported_from_media_libray\/\/08_Werner-Halbauer_Gelbe-Wand-9895.jpg\" data-elementor-open-lightbox=\"no\">                <div class=\"bwg-item0 \">          <div class=\"bwg-item1 \">            <div class=\"bwg-item2\">              <img decoding=\"async\" class=\"skip-lazy bwg_standart_thumb_img_0 \"                   data-id=\"13\"                   data-width=\"\"                   data-height=\"\"                   data-src=\"https:\/\/www.oevf-niederoesterreich.at\/wp-content\/uploads\/photo-gallery\/imported_from_media_libray\/\/thumb\/08_Werner-Halbauer_Gelbe-Wand-9895.jpg\"                   src=\"https:\/\/www.oevf-niederoesterreich.at\/wp-content\/uploads\/photo-gallery\/imported_from_media_libray\/\/thumb\/08_Werner-Halbauer_Gelbe-Wand-9895.jpg\"                   alt=\"08_werner-halbauer_gelbe-wand-9895\"                   title=\"08_werner-halbauer_gelbe-wand-9895\" \/>            <\/div>            <div class=\"\">                                                      <\/div>          <\/div>        <\/div>                        <\/a>              <\/div>            <div class=\"bwg-item\">        <a class=\"bwg-a  bwg_lightbox\"  data-image-id=\"12\" href=\"https:\/\/www.oevf-niederoesterreich.at\/wp-content\/uploads\/photo-gallery\/imported_from_media_libray\/\/09_Ernst-Siwek_an-der-wand.jpg\" data-elementor-open-lightbox=\"no\">                <div class=\"bwg-item0 \">          <div class=\"bwg-item1 \">            <div class=\"bwg-item2\">              <img decoding=\"async\" class=\"skip-lazy bwg_standart_thumb_img_0 \"                   data-id=\"12\"                   data-width=\"\"                   data-height=\"\"                   data-src=\"https:\/\/www.oevf-niederoesterreich.at\/wp-content\/uploads\/photo-gallery\/imported_from_media_libray\/\/thumb\/09_Ernst-Siwek_an-der-wand.jpg\"                   src=\"https:\/\/www.oevf-niederoesterreich.at\/wp-content\/uploads\/photo-gallery\/imported_from_media_libray\/\/thumb\/09_Ernst-Siwek_an-der-wand.jpg\"                   alt=\"09_ernst-siwek_an-der-wand\"                   title=\"09_ernst-siwek_an-der-wand\" \/>            <\/div>            <div class=\"\">                                                      <\/div>          <\/div>        <\/div>                        <\/a>              <\/div>            <div class=\"bwg-item\">        <a class=\"bwg-a  bwg_lightbox\"  data-image-id=\"11\" href=\"https:\/\/www.oevf-niederoesterreich.at\/wp-content\/uploads\/photo-gallery\/imported_from_media_libray\/\/10_Gerhard-Lenk_254.jpg\" data-elementor-open-lightbox=\"no\">                <div class=\"bwg-item0 \">          <div class=\"bwg-item1 \">            <div class=\"bwg-item2\">              <img decoding=\"async\" class=\"skip-lazy bwg_standart_thumb_img_0 \"                   data-id=\"11\"                   data-width=\"\"                   data-height=\"\"                   data-src=\"https:\/\/www.oevf-niederoesterreich.at\/wp-content\/uploads\/photo-gallery\/imported_from_media_libray\/\/thumb\/10_Gerhard-Lenk_254.jpg\"                   src=\"https:\/\/www.oevf-niederoesterreich.at\/wp-content\/uploads\/photo-gallery\/imported_from_media_libray\/\/thumb\/10_Gerhard-Lenk_254.jpg\"                   alt=\"10_gerhard-lenk_254\"                   title=\"10_gerhard-lenk_254\" \/>            <\/div>            <div class=\"\">                                                      <\/div>          <\/div>        <\/div>                        <\/a>              <\/div>            <div class=\"bwg-item\">        <a class=\"bwg-a  bwg_lightbox\"  data-image-id=\"10\" href=\"https:\/\/www.oevf-niederoesterreich.at\/wp-content\/uploads\/photo-gallery\/imported_from_media_libray\/\/11_Gerhard-Lenk_149.jpg\" data-elementor-open-lightbox=\"no\">                <div class=\"bwg-item0 \">          <div class=\"bwg-item1 \">            <div class=\"bwg-item2\">              <img decoding=\"async\" class=\"skip-lazy bwg_standart_thumb_img_0 \"                   data-id=\"10\"                   data-width=\"\"                   data-height=\"\"                   data-src=\"https:\/\/www.oevf-niederoesterreich.at\/wp-content\/uploads\/photo-gallery\/imported_from_media_libray\/\/thumb\/11_Gerhard-Lenk_149.jpg\"                   src=\"https:\/\/www.oevf-niederoesterreich.at\/wp-content\/uploads\/photo-gallery\/imported_from_media_libray\/\/thumb\/11_Gerhard-Lenk_149.jpg\"                   alt=\"11_gerhard-lenk_149\"                   title=\"11_gerhard-lenk_149\" \/>            <\/div>            <div class=\"\">                                                      <\/div>          <\/div>        <\/div>                        <\/a>              <\/div>            <div class=\"bwg-item\">        <a class=\"bwg-a  bwg_lightbox\"  data-image-id=\"9\" href=\"https:\/\/www.oevf-niederoesterreich.at\/wp-content\/uploads\/photo-gallery\/imported_from_media_libray\/\/12_Helmut-Hettl_IMGL6445.jpg\" data-elementor-open-lightbox=\"no\">                <div class=\"bwg-item0 \">          <div class=\"bwg-item1 \">            <div class=\"bwg-item2\">              <img decoding=\"async\" class=\"skip-lazy bwg_standart_thumb_img_0 \"                   data-id=\"9\"                   data-width=\"\"                   data-height=\"\"                   data-src=\"https:\/\/www.oevf-niederoesterreich.at\/wp-content\/uploads\/photo-gallery\/imported_from_media_libray\/\/thumb\/12_Helmut-Hettl_IMGL6445.jpg\"                   src=\"https:\/\/www.oevf-niederoesterreich.at\/wp-content\/uploads\/photo-gallery\/imported_from_media_libray\/\/thumb\/12_Helmut-Hettl_IMGL6445.jpg\"                   alt=\"12_helmut-hettl_imgl6445\"                   title=\"12_helmut-hettl_imgl6445\" \/>            <\/div>            <div class=\"\">                                                      <\/div>          <\/div>        <\/div>                        <\/a>              <\/div>            <div class=\"bwg-item\">        <a class=\"bwg-a  bwg_lightbox\"  data-image-id=\"8\" href=\"https:\/\/www.oevf-niederoesterreich.at\/wp-content\/uploads\/photo-gallery\/imported_from_media_libray\/\/13_Helmut-Hettl_IMGL6583.jpg\" data-elementor-open-lightbox=\"no\">                <div class=\"bwg-item0 \">          <div class=\"bwg-item1 \">            <div class=\"bwg-item2\">              <img decoding=\"async\" class=\"skip-lazy bwg_standart_thumb_img_0 \"                   data-id=\"8\"                   data-width=\"\"                   data-height=\"\"                   data-src=\"https:\/\/www.oevf-niederoesterreich.at\/wp-content\/uploads\/photo-gallery\/imported_from_media_libray\/\/thumb\/13_Helmut-Hettl_IMGL6583.jpg\"                   src=\"https:\/\/www.oevf-niederoesterreich.at\/wp-content\/uploads\/photo-gallery\/imported_from_media_libray\/\/thumb\/13_Helmut-Hettl_IMGL6583.jpg\"                   alt=\"13_helmut-hettl_imgl6583\"                   title=\"13_helmut-hettl_imgl6583\" \/>            <\/div>            <div class=\"\">                                                      <\/div>          <\/div>        <\/div>                        <\/a>              <\/div>            <div class=\"bwg-item\">        <a class=\"bwg-a  bwg_lightbox\"  data-image-id=\"7\" href=\"https:\/\/www.oevf-niederoesterreich.at\/wp-content\/uploads\/photo-gallery\/imported_from_media_libray\/\/14_Ludwig-H\u00f6chtl_M\u00e4dchen-1-Rw.jpg\" data-elementor-open-lightbox=\"no\">                <div class=\"bwg-item0 \">          <div class=\"bwg-item1 \">            <div class=\"bwg-item2\">              <img decoding=\"async\" class=\"skip-lazy bwg_standart_thumb_img_0 \"                   data-id=\"7\"                   data-width=\"\"                   data-height=\"\"                   data-src=\"https:\/\/www.oevf-niederoesterreich.at\/wp-content\/uploads\/photo-gallery\/imported_from_media_libray\/\/thumb\/14_Ludwig-H\u00f6chtl_M\u00e4dchen-1-Rw.jpg\"                   src=\"https:\/\/www.oevf-niederoesterreich.at\/wp-content\/uploads\/photo-gallery\/imported_from_media_libray\/\/thumb\/14_Ludwig-H\u00f6chtl_M\u00e4dchen-1-Rw.jpg\"                   alt=\"14_ludwig-hoechtl_maedchen-1-rw\"                   title=\"14_ludwig-hoechtl_maedchen-1-rw\" \/>            <\/div>            <div class=\"\">                                                      <\/div>          <\/div>        <\/div>                        <\/a>              <\/div>            <div class=\"bwg-item\">        <a class=\"bwg-a  bwg_lightbox\"  data-image-id=\"6\" href=\"https:\/\/www.oevf-niederoesterreich.at\/wp-content\/uploads\/photo-gallery\/imported_from_media_libray\/\/15_Johann-Schrittwieser_DSC_1410.jpg\" data-elementor-open-lightbox=\"no\">                <div class=\"bwg-item0 \">          <div class=\"bwg-item1 \">            <div class=\"bwg-item2\">              <img decoding=\"async\" class=\"skip-lazy bwg_standart_thumb_img_0 \"                   data-id=\"6\"                   data-width=\"\"                   data-height=\"\"                   data-src=\"https:\/\/www.oevf-niederoesterreich.at\/wp-content\/uploads\/photo-gallery\/imported_from_media_libray\/\/thumb\/15_Johann-Schrittwieser_DSC_1410.jpg\"                   src=\"https:\/\/www.oevf-niederoesterreich.at\/wp-content\/uploads\/photo-gallery\/imported_from_media_libray\/\/thumb\/15_Johann-Schrittwieser_DSC_1410.jpg\"                   alt=\"15_johann-schrittwieser_dsc_1410\"                   title=\"15_johann-schrittwieser_dsc_1410\" \/>            <\/div>            <div class=\"\">                                                      <\/div>          <\/div>        <\/div>                        <\/a>              <\/div>            <div class=\"bwg-item\">        <a class=\"bwg-a  bwg_lightbox\"  data-image-id=\"5\" href=\"https:\/\/www.oevf-niederoesterreich.at\/wp-content\/uploads\/photo-gallery\/imported_from_media_libray\/\/16_Johann-Schrittwieser_DSC_1403.jpg\" data-elementor-open-lightbox=\"no\">                <div class=\"bwg-item0 \">          <div class=\"bwg-item1 \">            <div class=\"bwg-item2\">              <img decoding=\"async\" class=\"skip-lazy bwg_standart_thumb_img_0 \"                   data-id=\"5\"                   data-width=\"\"                   data-height=\"\"                   data-src=\"https:\/\/www.oevf-niederoesterreich.at\/wp-content\/uploads\/photo-gallery\/imported_from_media_libray\/\/thumb\/16_Johann-Schrittwieser_DSC_1403.jpg\"                   src=\"https:\/\/www.oevf-niederoesterreich.at\/wp-content\/uploads\/photo-gallery\/imported_from_media_libray\/\/thumb\/16_Johann-Schrittwieser_DSC_1403.jpg\"                   alt=\"16_johann-schrittwieser_dsc_1403\"                   title=\"16_johann-schrittwieser_dsc_1403\" \/>            <\/div>            <div class=\"\">                                                      <\/div>          <\/div>        <\/div>                        <\/a>              <\/div>            <div class=\"bwg-item\">        <a class=\"bwg-a  bwg_lightbox\"  data-image-id=\"4\" href=\"https:\/\/www.oevf-niederoesterreich.at\/wp-content\/uploads\/photo-gallery\/imported_from_media_libray\/\/17_Leopold-HEINZ_DSC_2295-Kopie-5.jpg\" data-elementor-open-lightbox=\"no\">                <div class=\"bwg-item0 \">          <div class=\"bwg-item1 \">            <div class=\"bwg-item2\">              <img decoding=\"async\" class=\"skip-lazy bwg_standart_thumb_img_0 \"                   data-id=\"4\"                   data-width=\"\"                   data-height=\"\"                   data-src=\"https:\/\/www.oevf-niederoesterreich.at\/wp-content\/uploads\/photo-gallery\/imported_from_media_libray\/\/thumb\/17_Leopold-HEINZ_DSC_2295-Kopie-5.jpg\"                   src=\"https:\/\/www.oevf-niederoesterreich.at\/wp-content\/uploads\/photo-gallery\/imported_from_media_libray\/\/thumb\/17_Leopold-HEINZ_DSC_2295-Kopie-5.jpg\"                   alt=\"17_leopold-heinz_dsc_2295-kopie-5\"                   title=\"17_leopold-heinz_dsc_2295-kopie-5\" \/>            <\/div>            <div class=\"\">                                                      <\/div>          <\/div>        <\/div>                        <\/a>              <\/div>            <div class=\"bwg-item\">        <a class=\"bwg-a  bwg_lightbox\"  data-image-id=\"3\" href=\"https:\/\/www.oevf-niederoesterreich.at\/wp-content\/uploads\/photo-gallery\/imported_from_media_libray\/\/18_Leopold-HEINZ_DSC_2438-Kopie-5.jpg\" data-elementor-open-lightbox=\"no\">                <div class=\"bwg-item0 \">          <div class=\"bwg-item1 \">            <div class=\"bwg-item2\">              <img decoding=\"async\" class=\"skip-lazy bwg_standart_thumb_img_0 \"                   data-id=\"3\"                   data-width=\"\"                   data-height=\"\"                   data-src=\"https:\/\/www.oevf-niederoesterreich.at\/wp-content\/uploads\/photo-gallery\/imported_from_media_libray\/\/thumb\/18_Leopold-HEINZ_DSC_2438-Kopie-5.jpg\"                   src=\"https:\/\/www.oevf-niederoesterreich.at\/wp-content\/uploads\/photo-gallery\/imported_from_media_libray\/\/thumb\/18_Leopold-HEINZ_DSC_2438-Kopie-5.jpg\"                   alt=\"18_leopold-heinz_dsc_2438-kopie-5\"                   title=\"18_leopold-heinz_dsc_2438-kopie-5\" \/>            <\/div>            <div class=\"\">                                                      <\/div>          <\/div>        <\/div>                        <\/a>              <\/div>            <div class=\"bwg-item\">        <a class=\"bwg-a  bwg_lightbox\"  data-image-id=\"2\" href=\"https:\/\/www.oevf-niederoesterreich.at\/wp-content\/uploads\/photo-gallery\/imported_from_media_libray\/\/19_Robert-Rath_Am-Sofa.jpg\" data-elementor-open-lightbox=\"no\">                <div class=\"bwg-item0 \">          <div class=\"bwg-item1 \">            <div class=\"bwg-item2\">              <img decoding=\"async\" class=\"skip-lazy bwg_standart_thumb_img_0 \"                   data-id=\"2\"                   data-width=\"\"                   data-height=\"\"                   data-src=\"https:\/\/www.oevf-niederoesterreich.at\/wp-content\/uploads\/photo-gallery\/imported_from_media_libray\/\/thumb\/19_Robert-Rath_Am-Sofa.jpg\"                   src=\"https:\/\/www.oevf-niederoesterreich.at\/wp-content\/uploads\/photo-gallery\/imported_from_media_libray\/\/thumb\/19_Robert-Rath_Am-Sofa.jpg\"                   alt=\"19_robert-rath_am-sofa\"                   title=\"19_robert-rath_am-sofa\" \/>            <\/div>            <div class=\"\">                                                      <\/div>          <\/div>        <\/div>                        <\/a>              <\/div>            <div class=\"bwg-item\">        <a class=\"bwg-a  bwg_lightbox\"  data-image-id=\"1\" href=\"https:\/\/www.oevf-niederoesterreich.at\/wp-content\/uploads\/photo-gallery\/imported_from_media_libray\/\/01_Gabi-Steiner_2017-Festspielhaus_011.jpg\" data-elementor-open-lightbox=\"no\">                <div class=\"bwg-item0 \">          <div class=\"bwg-item1 \">            <div class=\"bwg-item2\">              <img decoding=\"async\" class=\"skip-lazy bwg_standart_thumb_img_0 \"                   data-id=\"1\"                   data-width=\"\"                   data-height=\"\"                   data-src=\"https:\/\/www.oevf-niederoesterreich.at\/wp-content\/uploads\/photo-gallery\/imported_from_media_libray\/\/thumb\/01_Gabi-Steiner_2017-Festspielhaus_011.jpg\"                   src=\"https:\/\/www.oevf-niederoesterreich.at\/wp-content\/uploads\/photo-gallery\/imported_from_media_libray\/\/thumb\/01_Gabi-Steiner_2017-Festspielhaus_011.jpg\"                   alt=\"01_gabi-steiner_2017-festspielhaus_011\"                   title=\"01_gabi-steiner_2017-festspielhaus_011\" \/>            <\/div>            <div class=\"\">                                                      <\/div>          <\/div>        <\/div>                        <\/a>              <\/div>          <\/div>    <style>      \/*pagination styles*\/      #bwg_container1_0 #bwg_container2_0 .tablenav-pages_0 {\t\t\t\ttext-align: center;\t\t\t\tfont-size: 12px;\t\t\t\tfont-family: segoe ui;\t\t\t\tfont-weight: bold;\t\t\t\tcolor: #666666;\t\t\t\tmargin: 6px 0 4px;\t\t\t\tdisplay: block;      }      @media only screen and (max-width : 320px) {      #bwg_container1_0 #bwg_container2_0 .displaying-num_0 {     \t display: none;      }      }      #bwg_container1_0 #bwg_container2_0 .displaying-num_0 {\t\t\t\tfont-size: 12px;\t\t\t\tfont-family: segoe ui;\t\t\t\tfont-weight: bold;\t\t\t\tcolor: #666666;\t\t\t\tmargin-right: 10px;\t\t\t\tvertical-align: middle;      }      #bwg_container1_0 #bwg_container2_0 .paging-input_0 {\t\t\t\tfont-size: 12px;\t\t\t\tfont-family: segoe ui;\t\t\t\tfont-weight: bold;\t\t\t\tcolor: #666666;\t\t\t\tvertical-align: middle;      }      #bwg_container1_0 #bwg_container2_0 .tablenav-pages_0 a.disabled,      #bwg_container1_0 #bwg_container2_0 .tablenav-pages_0 a.disabled:hover,      #bwg_container1_0 #bwg_container2_0 .tablenav-pages_0 a.disabled:focus,\t\t\t#bwg_container1_0 #bwg_container2_0 .tablenav-pages_0 input.bwg_current_page {\t\t\t\tcursor: default;\t\t\t\tcolor: rgba(102, 102, 102, 0.5);      }      #bwg_container1_0 #bwg_container2_0 .tablenav-pages_0 a,      #bwg_container1_0 #bwg_container2_0 .tablenav-pages_0 input.bwg_current_page {\t\t\t\tcursor: pointer;\t\t\t\ttext-align: center;\t\t\t\tfont-size: 12px;\t\t\t\tfont-family: segoe ui;\t\t\t\tfont-weight: bold;\t\t\t\tcolor: #666666;\t\t\t\ttext-decoration: none;\t\t\t\tpadding: 3px 6px;\t\t\t\tmargin: 0;\t\t\t\tborder-radius: 0;\t\t\t\tborder-style: solid;\t\t\t\tborder-width: 1px;\t\t\t\tborder-color: #E3E3E3;\t\t\t\t\t\t\t\tbackground-color: rgba(255, 255, 255, 1.00);\t\t\t\tbox-shadow: 0;\t\t\t\ttransition: all 0.3s ease 0s;-webkit-transition: all 0.3s ease 0s;      }      <\/style>      <span class=\"bwg_nav_cont_0\">              <div class=\"tablenav-pages_0\">                  <\/div>                <input type=\"hidden\" id=\"page_number_0\" name=\"page_number_0\" value=\"1\" \/>      <script type=\"text\/javascript\">        if( jQuery('.bwg_nav_cont_0').length > 1 ) {          jQuery('.bwg_nav_cont_0').first().remove()        }        function spider_page_0(cur, x, y, load_more) {          if (typeof load_more == \"undefined\") {            var load_more = false;          }          if (jQuery(cur).hasClass('disabled')) {            return false;          }          var items_county_0 = 1;          switch (y) {            case 1:              if (x >= items_county_0) {                document.getElementById('page_number_0').value = items_county_0;              }              else {                document.getElementById('page_number_0').value = x + 1;              }              break;            case 2:              document.getElementById('page_number_0').value = items_county_0;              break;            case -1:              if (x == 1) {                document.getElementById('page_number_0').value = 1;              }              else {                document.getElementById('page_number_0').value = x - 1;              }              break;            case -2:              document.getElementById('page_number_0').value = 1;              break;\t\t\t\t\t\tcase 0:              document.getElementById('page_number_0').value = x;              break;            default:              document.getElementById('page_number_0').value = 1;          }          bwg_ajax('gal_front_form_0', '0', 'bwg_thumbnails_0', '0', '', 'gallery', 0, '', '', load_more, '', 1);        }                    jQuery('.first-page-0').on('click', function () {              spider_page_0(this, 1, -2, 'numeric');              return false;            });            jQuery('.prev-page-0').on('click', function () {              spider_page_0(this, 1, -1, 'numeric');              return false;            });            jQuery('.next-page-0').on('click', function () {              spider_page_0(this, 1, 1, 'numeric');              return false;            });            jQuery('.last-page-0').on('click', function () {              spider_page_0(this, 1, 2, 'numeric');              return false;            });        \t\t\t\t\/* Change page on input enter. *\/        function bwg_change_page_0( e, that ) {          if (  e.key == 'Enter' ) {            var to_page = parseInt(jQuery(that).val());            var pages_count = jQuery(that).parents(\".pagination-links\").data(\"pages-count\");            var current_url_param = jQuery(that).attr('data-url-info');            if (to_page > pages_count) {              to_page = 1;            }\t \t\t\t\t\t\t\t\t\t\t\t\tspider_page_0(this, to_page, 0, 'numeric');\t\t\t\t\t\t\treturn false;\t\t\t\t\t\t          }          return true;        }        jQuery('.bwg_load_btn_0').on('click', function () {            spider_page_0(this, 1, 1, true);            return false;        });      <\/script>      <\/span>                <\/div>        <\/form>        <style>          #bwg_container1_0 #bwg_container2_0 #spider_popup_overlay_0 {          background-color: #000000;          opacity: 0.70;          }          <\/style>        <div id=\"bwg_spider_popup_loading_0\" class=\"bwg_spider_popup_loading\"><\/div>        <div id=\"spider_popup_overlay_0\" class=\"spider_popup_overlay\" onclick=\"spider_destroypopup(1000)\"><\/div>        <input type=\"hidden\" id=\"bwg_random_seed_0\" value=\"594256670\">                <\/div>    <\/div>    <script>      if (document.readyState === 'complete') {        if( typeof bwg_main_ready == 'function' ) {          if ( jQuery(\"#bwg_container1_0\").height() ) {            bwg_main_ready(jQuery(\"#bwg_container1_0\"));          }        }      } else {        document.addEventListener('DOMContentLoaded', function() {          if( typeof bwg_main_ready == 'function' ) {            if ( jQuery(\"#bwg_container1_0\").height() ) {             bwg_main_ready(jQuery(\"#bwg_container1_0\"));            }          }        });      }    <\/script>    \n","protected":false},"excerpt":{"rendered":"<p>Im au\u00dfergew\u00f6hnlichen Ambiente wurden unsere bezaubernden Modelle Sajira und Lisa, von Josef Bollwein perfekt in Szene gesetzt.<\/p>\n","protected":false},"author":1,"featured_media":488,"comment_status":"open","ping_status":"open","sticky":false,"template":"","format":"standard","meta":{"jetpack_post_was_ever_published":false,"_jetpack_newsletter_access":"","_jetpack_dont_email_post_to_subs":false,"_jetpack_newsletter_tier_id":0,"_jetpack_memberships_contains_paywalled_content":false,"_jetpack_memberships_contains_paid_content":false,"footnotes":"","jetpack_publicize_message":"","jetpack_publicize_feature_enabled":true,"jetpack_social_post_already_shared":false,"jetpack_social_options":{"image_generator_settings":{"template":"highway","default_image_id":0,"font":"","enabled":false},"version":2}},"categories":[10],"tags":[],"class_list":["post-470","post","type-post","status-publish","format-standard","has-post-thumbnail","hentry","category-workshops"],"jetpack_publicize_connections":[],"jetpack_featured_media_url":"https:\/\/i0.wp.com\/www.oevf-niederoesterreich.at\/wp-content\/uploads\/2017\/07\/18_Leopold-HEINZ_DSC_2438-Kopie-5.jpg?fit=3000%2C2427&ssl=1","jetpack_sharing_enabled":true,"jetpack_shortlink":"https:\/\/wp.me\/p9Hgc8-7A","jetpack_likes_enabled":true,"jetpack-related-posts":[],"_links":{"self":[{"href":"https:\/\/www.oevf-niederoesterreich.at\/index.php?rest_route=\/wp\/v2\/posts\/470","targetHints":{"allow":["GET"]}}],"collection":[{"href":"https:\/\/www.oevf-niederoesterreich.at\/index.php?rest_route=\/wp\/v2\/posts"}],"about":[{"href":"https:\/\/www.oevf-niederoesterreich.at\/index.php?rest_route=\/wp\/v2\/types\/post"}],"author":[{"embeddable":true,"href":"https:\/\/www.oevf-niederoesterreich.at\/index.php?rest_route=\/wp\/v2\/users\/1"}],"replies":[{"embeddable":true,"href":"https:\/\/www.oevf-niederoesterreich.at\/index.php?rest_route=%2Fwp%2Fv2%2Fcomments&post=470"}],"version-history":[{"count":9,"href":"https:\/\/www.oevf-niederoesterreich.at\/index.php?rest_route=\/wp\/v2\/posts\/470\/revisions"}],"predecessor-version":[{"id":661,"href":"https:\/\/www.oevf-niederoesterreich.at\/index.php?rest_route=\/wp\/v2\/posts\/470\/revisions\/661"}],"wp:featuredmedia":[{"embeddable":true,"href":"https:\/\/www.oevf-niederoesterreich.at\/index.php?rest_route=\/wp\/v2\/media\/488"}],"wp:attachment":[{"href":"https:\/\/www.oevf-niederoesterreich.at\/index.php?rest_route=%2Fwp%2Fv2%2Fmedia&parent=470"}],"wp:term":[{"taxonomy":"category","embeddable":true,"href":"https:\/\/www.oevf-niederoesterreich.at\/index.php?rest_route=%2Fwp%2Fv2%2Fcategories&post=470"},{"taxonomy":"post_tag","embeddable":true,"href":"https:\/\/www.oevf-niederoesterreich.at\/index.php?rest_route=%2Fwp%2Fv2%2Ftags&post=470"}],"curies":[{"name":"wp","href":"https:\/\/api.w.org\/{rel}","templated":true}]}}