{"id":708,"date":"2018-03-02T10:10:51","date_gmt":"2018-03-02T09:10:51","guid":{"rendered":"http:\/\/www.voeav-niederoesterreich.at\/?p=708"},"modified":"2018-03-02T11:42:46","modified_gmt":"2018-03-02T10:42:46","slug":"8-internationaler-voeav-digitalsalon-wein-um-die-fels-am-wagram-trophy-2018","status":"publish","type":"post","link":"https:\/\/www.oevf-niederoesterreich.at\/?p=708","title":{"rendered":"8. Internationaler V\u00d6AV-Digitalsalon &#8222;Wein&#8220; um die Fels am Wagram Trophy 2018"},"content":{"rendered":"<p>Ganz im Zeichen des Weins, steht der 8. Internationale V\u00d6AV-Digitalsalon um die Fels am Wagram Trophy.<!--more--><\/p>\n<h3><strong>Thema &amp; Sparten<\/strong><\/h3>\n<p>Maximal 4 Dateien (auf CD) k\u00f6nnen zum Thema <strong>&#8222;Wein&#8220;<\/strong> eingereicht werden. Die Nenngeb\u00fchr betr\u00e4gt \u20ac 15,- f\u00fcr Teilnehmer aus dem Ausland und \u20ac 10,- f\u00fcr Teilnehmer aus \u00d6sterreich.<\/p>\n<p>Als Preise winken neben zahlreichen Auszeichnungen auch \u00dcbernachtungen mit Fr\u00fchst\u00fcck in <a href=\"https:\/\/www.fels-wagram.at\/#!\/Startseite\" target=\"_blank\" rel=\"noopener\">Fels am Wagram<\/a>!<\/p>\n<h3><strong>Patronate:<\/strong><\/h3>\n<table>\n<tbody>\n<tr>\n<td><a href=\"https:\/\/i0.wp.com\/www.voeav-niederoesterreich.at\/wp-content\/uploads\/2018\/03\/voeav-logo200.png\"><img data-recalc-dims=\"1\" loading=\"lazy\" decoding=\"async\" data-attachment-id=\"713\" data-permalink=\"https:\/\/www.oevf-niederoesterreich.at\/?attachment_id=713\" data-orig-file=\"https:\/\/i0.wp.com\/www.oevf-niederoesterreich.at\/wp-content\/uploads\/2018\/03\/voeav-logo200.png?fit=200%2C200&amp;ssl=1\" data-orig-size=\"200,200\" data-comments-opened=\"1\" data-image-meta=\"{&quot;aperture&quot;:&quot;0&quot;,&quot;credit&quot;:&quot;&quot;,&quot;camera&quot;:&quot;&quot;,&quot;caption&quot;:&quot;&quot;,&quot;created_timestamp&quot;:&quot;0&quot;,&quot;copyright&quot;:&quot;&quot;,&quot;focal_length&quot;:&quot;0&quot;,&quot;iso&quot;:&quot;0&quot;,&quot;shutter_speed&quot;:&quot;0&quot;,&quot;title&quot;:&quot;&quot;,&quot;orientation&quot;:&quot;0&quot;}\" data-image-title=\"voeav-logo200\" data-image-description=\"\" data-image-caption=\"\" data-large-file=\"https:\/\/i0.wp.com\/www.oevf-niederoesterreich.at\/wp-content\/uploads\/2018\/03\/voeav-logo200.png?fit=200%2C200&amp;ssl=1\" class=\"aligncenter size-full wp-image-713\" src=\"https:\/\/i0.wp.com\/www.voeav-niederoesterreich.at\/wp-content\/uploads\/2018\/03\/voeav-logo200.png?resize=200%2C200\" alt=\"\" width=\"200\" height=\"200\" srcset=\"https:\/\/i0.wp.com\/www.oevf-niederoesterreich.at\/wp-content\/uploads\/2018\/03\/voeav-logo200.png?w=200&amp;ssl=1 200w, https:\/\/i0.wp.com\/www.oevf-niederoesterreich.at\/wp-content\/uploads\/2018\/03\/voeav-logo200.png?resize=150%2C150&amp;ssl=1 150w, https:\/\/i0.wp.com\/www.oevf-niederoesterreich.at\/wp-content\/uploads\/2018\/03\/voeav-logo200.png?resize=100%2C100&amp;ssl=1 100w\" sizes=\"auto, (max-width: 200px) 100vw, 200px\" \/><\/a><\/td>\n<td><img data-recalc-dims=\"1\" loading=\"lazy\" decoding=\"async\" data-attachment-id=\"711\" data-permalink=\"https:\/\/www.oevf-niederoesterreich.at\/?attachment_id=711\" data-orig-file=\"https:\/\/i0.wp.com\/www.oevf-niederoesterreich.at\/wp-content\/uploads\/2018\/03\/iiwf_logo200.jpg?fit=200%2C200&amp;ssl=1\" data-orig-size=\"200,200\" data-comments-opened=\"1\" data-image-meta=\"{&quot;aperture&quot;:&quot;0&quot;,&quot;credit&quot;:&quot;&quot;,&quot;camera&quot;:&quot;&quot;,&quot;caption&quot;:&quot;&quot;,&quot;created_timestamp&quot;:&quot;0&quot;,&quot;copyright&quot;:&quot;&quot;,&quot;focal_length&quot;:&quot;0&quot;,&quot;iso&quot;:&quot;0&quot;,&quot;shutter_speed&quot;:&quot;0&quot;,&quot;title&quot;:&quot;&quot;,&quot;orientation&quot;:&quot;1&quot;}\" data-image-title=\"iiwf_logo200\" data-image-description=\"\" data-image-caption=\"\" data-large-file=\"https:\/\/i0.wp.com\/www.oevf-niederoesterreich.at\/wp-content\/uploads\/2018\/03\/iiwf_logo200.jpg?fit=200%2C200&amp;ssl=1\" class=\"aligncenter size-full wp-image-711\" src=\"https:\/\/i0.wp.com\/www.voeav-niederoesterreich.at\/wp-content\/uploads\/2018\/03\/iiwf_logo200.jpg?resize=200%2C200\" alt=\"\" width=\"200\" height=\"200\" srcset=\"https:\/\/i0.wp.com\/www.oevf-niederoesterreich.at\/wp-content\/uploads\/2018\/03\/iiwf_logo200.jpg?w=200&amp;ssl=1 200w, https:\/\/i0.wp.com\/www.oevf-niederoesterreich.at\/wp-content\/uploads\/2018\/03\/iiwf_logo200.jpg?resize=150%2C150&amp;ssl=1 150w, https:\/\/i0.wp.com\/www.oevf-niederoesterreich.at\/wp-content\/uploads\/2018\/03\/iiwf_logo200.jpg?resize=100%2C100&amp;ssl=1 100w\" sizes=\"auto, (max-width: 200px) 100vw, 200px\" \/><\/td>\n<td><a href=\"https:\/\/i0.wp.com\/www.voeav-niederoesterreich.at\/wp-content\/uploads\/2018\/03\/naturfreunde-logo200-1.png\"><img data-recalc-dims=\"1\" loading=\"lazy\" decoding=\"async\" data-attachment-id=\"716\" data-permalink=\"https:\/\/www.oevf-niederoesterreich.at\/?attachment_id=716\" data-orig-file=\"https:\/\/i0.wp.com\/www.oevf-niederoesterreich.at\/wp-content\/uploads\/2018\/03\/naturfreunde-logo200-1.png?fit=200%2C200&amp;ssl=1\" data-orig-size=\"200,200\" data-comments-opened=\"1\" data-image-meta=\"{&quot;aperture&quot;:&quot;0&quot;,&quot;credit&quot;:&quot;&quot;,&quot;camera&quot;:&quot;&quot;,&quot;caption&quot;:&quot;&quot;,&quot;created_timestamp&quot;:&quot;0&quot;,&quot;copyright&quot;:&quot;&quot;,&quot;focal_length&quot;:&quot;0&quot;,&quot;iso&quot;:&quot;0&quot;,&quot;shutter_speed&quot;:&quot;0&quot;,&quot;title&quot;:&quot;&quot;,&quot;orientation&quot;:&quot;0&quot;}\" data-image-title=\"naturfreunde-logo200\" data-image-description=\"\" data-image-caption=\"\" data-large-file=\"https:\/\/i0.wp.com\/www.oevf-niederoesterreich.at\/wp-content\/uploads\/2018\/03\/naturfreunde-logo200-1.png?fit=200%2C200&amp;ssl=1\" class=\"aligncenter size-full wp-image-716\" src=\"https:\/\/i0.wp.com\/www.voeav-niederoesterreich.at\/wp-content\/uploads\/2018\/03\/naturfreunde-logo200-1.png?resize=200%2C200\" alt=\"\" width=\"200\" height=\"200\" srcset=\"https:\/\/i0.wp.com\/www.oevf-niederoesterreich.at\/wp-content\/uploads\/2018\/03\/naturfreunde-logo200-1.png?w=200&amp;ssl=1 200w, https:\/\/i0.wp.com\/www.oevf-niederoesterreich.at\/wp-content\/uploads\/2018\/03\/naturfreunde-logo200-1.png?resize=150%2C150&amp;ssl=1 150w, https:\/\/i0.wp.com\/www.oevf-niederoesterreich.at\/wp-content\/uploads\/2018\/03\/naturfreunde-logo200-1.png?resize=100%2C100&amp;ssl=1 100w\" sizes=\"auto, (max-width: 200px) 100vw, 200px\" \/><\/a><\/td>\n<\/tr>\n<tr>\n<td style=\"text-align: center;\">\u00a0<strong>17\/2018<\/strong><\/td>\n<td style=\"text-align: center;\">\u00a0<strong>2018\/01<\/strong><\/td>\n<td style=\"text-align: center;\">\u00a0<strong>2018\/01<\/strong><\/td>\n<\/tr>\n<\/tbody>\n<\/table>\n<h3><strong>Einsendeadresse:<\/strong><\/h3>\n<h3 style=\"padding-left: 30px;\"><u><\/u>\u201eIIWF\u2013Salon\u2013WEIN\u201c<br \/>\nPasettistrasse 63<br \/>\n1200 Wien<\/h3>\n<h3><strong>Einsendeschluss:<\/strong><\/h3>\n<p style=\"padding-left: 30px;\">bis sp\u00e4testens <strong>23. April 2018<\/strong> (letzter Tag der Annahme)<\/p>\n<h3><strong>Ausschreibung:<\/strong><\/h3>\n<p style=\"padding-left: 30px;\"><a href=\"http:\/\/www.voeav.at\/wb_ausschreibungen\/wba_Salon_WEIN_Fels_2018.pdf\" target=\"_blank\" rel=\"noopener\">Link<\/a><\/p>\n","protected":false},"excerpt":{"rendered":"<p>Ganz im Zeichen des Weins, steht der 8. Internationale V\u00d6AV-Digitalsalon um die Fels am Wagram Trophy.<\/p>\n","protected":false},"author":1,"featured_media":0,"comment_status":"open","ping_status":"open","sticky":false,"template":"","format":"standard","meta":{"jetpack_post_was_ever_published":false,"_jetpack_newsletter_access":"","_jetpack_dont_email_post_to_subs":false,"_jetpack_newsletter_tier_id":0,"_jetpack_memberships_contains_paywalled_content":false,"_jetpack_memberships_contains_paid_content":false,"footnotes":"","jetpack_publicize_message":"","jetpack_publicize_feature_enabled":true,"jetpack_social_post_already_shared":true,"jetpack_social_options":{"image_generator_settings":{"template":"highway","default_image_id":0,"font":"","enabled":false},"version":2}},"categories":[17,18,5,4],"tags":[],"class_list":["post-708","post","type-post","status-publish","format-standard","hentry","category-iiwf","category-naturfreunde","category-oevf","category-wettbewerbe"],"jetpack_publicize_connections":[],"jetpack_featured_media_url":"","jetpack_sharing_enabled":true,"jetpack_shortlink":"https:\/\/wp.me\/p9Hgc8-bq","jetpack_likes_enabled":true,"jetpack-related-posts":[],"_links":{"self":[{"href":"https:\/\/www.oevf-niederoesterreich.at\/index.php?rest_route=\/wp\/v2\/posts\/708","targetHints":{"allow":["GET"]}}],"collection":[{"href":"https:\/\/www.oevf-niederoesterreich.at\/index.php?rest_route=\/wp\/v2\/posts"}],"about":[{"href":"https:\/\/www.oevf-niederoesterreich.at\/index.php?rest_route=\/wp\/v2\/types\/post"}],"author":[{"embeddable":true,"href":"https:\/\/www.oevf-niederoesterreich.at\/index.php?rest_route=\/wp\/v2\/users\/1"}],"replies":[{"embeddable":true,"href":"https:\/\/www.oevf-niederoesterreich.at\/index.php?rest_route=%2Fwp%2Fv2%2Fcomments&post=708"}],"version-history":[{"count":6,"href":"https:\/\/www.oevf-niederoesterreich.at\/index.php?rest_route=\/wp\/v2\/posts\/708\/revisions"}],"predecessor-version":[{"id":728,"href":"https:\/\/www.oevf-niederoesterreich.at\/index.php?rest_route=\/wp\/v2\/posts\/708\/revisions\/728"}],"wp:attachment":[{"href":"https:\/\/www.oevf-niederoesterreich.at\/index.php?rest_route=%2Fwp%2Fv2%2Fmedia&parent=708"}],"wp:term":[{"taxonomy":"category","embeddable":true,"href":"https:\/\/www.oevf-niederoesterreich.at\/index.php?rest_route=%2Fwp%2Fv2%2Fcategories&post=708"},{"taxonomy":"post_tag","embeddable":true,"href":"https:\/\/www.oevf-niederoesterreich.at\/index.php?rest_route=%2Fwp%2Fv2%2Ftags&post=708"}],"curies":[{"name":"wp","href":"https:\/\/api.w.org\/{rel}","templated":true}]}}